{"id":7303,"date":"2022-03-16T14:24:04","date_gmt":"2022-03-16T14:24:04","guid":{"rendered":"https:\/\/psgsuli.hu\/gimnazium\/?p=7303"},"modified":"2022-03-16T14:26:19","modified_gmt":"2022-03-16T14:26:19","slug":"wunderbar-fesztival","status":"publish","type":"post","link":"https:\/\/psgsuli.hu\/gimnazium\/2022\/03\/16\/wunderbar-fesztival\/","title":{"rendered":"Wunderbar Fesztiv\u00e1l!"},"content":{"rendered":"<h4 style=\"text-align: justify\"><span style=\"font-family: verdana, geneva, sans-serif;color: #000000\">Ez az id\u0151 is elj\u00f6tt! 2022. m\u00e1rcius 28. \u00e9s \u00e1prilis 2. k\u00f6z\u00f6tt ker\u00fcl megrendez\u00e9sre a Wunderbar Fesztiv\u00e1l, az els\u0151 eg\u00e9sz hetes orsz\u00e1gos rendezv\u00e9nysorozat, ahol minden a n\u00e9met nyelv k\u00f6r\u00fcl forog.<\/span><\/h4>\n<h4 style=\"text-align: justify\"><span style=\"font-family: verdana, geneva, sans-serif;color: #000000\">A Wunderbar fesztiv\u00e1l c\u00e9lja, hogy m\u00e9g t\u00f6bb embert motiv\u00e1ljunk \u00e9s \u00f6szt\u00f6n\u00f6zz\u00fcnk a n\u00e9met nyelv tanul\u00e1s\u00e1ra Magyarorsz\u00e1gon. <\/span><\/h4>\n<p><!--more--><\/p>\n<h4 style=\"text-align: justify\"><span style=\"font-family: verdana, geneva, sans-serif;color: #000000\">Ez a nagyszab\u00e1s\u00fa rendezv\u00e9ny N\u00e9metorsz\u00e1g, Ausztria \u00e9s Sv\u00e1jc nagyk\u00f6vets\u00e9geinek \u00e9s kult\u00farak\u00f6zvet\u00edt\u0151 szervezeteinek a kezdem\u00e9nyez\u00e9se: Soksz\u00edn\u0171 programok mutatj\u00e1k be, mi\u00e9rt is \u00e9rdemes ma n\u00e9met\u00fcl tanulni. Orsz\u00e1gszerte j\u00e1t\u00e9kos \u00e9s interakt\u00edv esem\u00e9nyek v\u00e1rj\u00e1k a nyelvtanul\u00e1s ir\u00e1nt \u00e9rdekl\u0151d\u0151 fiatalokat \u00e9s feln\u0151tteket &#8211; f\u00fcggetlen\u00fcl att\u00f3l, hogy valaki kor\u00e1bban tanult-e m\u00e1r n\u00e9met\u00fcl vagy m\u00e9g csak most tervezi, hogy belev\u00e1g ebbe az izgalmas kalandba!<\/span><\/h4>\n<h4 style=\"text-align: justify\"><span style=\"font-family: verdana, geneva, sans-serif;color: #000000\">Nemcsak a nyelvtanul\u00e1shoz kaphatnak hasznos tippeket azok, akik felkeresik esem\u00e9nyeinket: Az orsz\u00e1g iskol\u00e1i, egyetemei \u00e9s kultur\u00e1lis int\u00e9zm\u00e9nyei \u00e1ltal szervezett mintegy 120 rendezv\u00e9ny a n\u00e9met nyelv\u0171 kult\u00far\u00e1ba is bepillant\u00e1st enged. A h\u00e9t folyam\u00e1n a tudom\u00e1nyos ismeretterjeszt\u0151 el\u0151ad\u00e1sok \u00e9s ki\u00e1ll\u00edt\u00e1sok, gyerekeknek \u00e9s feln\u0151tteknek sz\u00f3l\u00f3 programok, j\u00e1t\u00e9kok, t\u00e1nch\u00e1zak, k\u00f6z\u00f6tt v\u00e1logathatunk.<\/span><\/h4>\n<h4 style=\"text-align: justify\"><span style=\"font-family: verdana, geneva, sans-serif;color: #000000\">Tov\u00e1bbi inform\u00e1ci\u00f3k:<\/span><\/h4>\n<h4 style=\"text-align: justify\"><span style=\"font-family: verdana, geneva, sans-serif;color: #0000ff\"><a style=\"color: #0000ff\" href=\"http:\/\/www.wunderbarfesztival.hu\">www.wunderbarfesztival.hu<\/a><\/span><\/h4>\n<h4 style=\"text-align: justify\"><span style=\"font-family: verdana, geneva, sans-serif;color: #0000ff\"><a style=\"color: #0000ff\" href=\"https:\/\/www.facebook.com\/Deutsch.Karriere.Erfolg\/\">https:\/\/www.facebook.com\/Deutsch.Karriere.Erfolg\/<\/a><\/span><\/h4>\n<h4 style=\"text-align: justify\"><span style=\"font-family: verdana, geneva, sans-serif\"><span style=\"color: #000000\">Kapcsolat: Dr. Germ\u00e1n Gy\u00f6rgyi, koordin\u00e1tor\u00a0<\/span> <span style=\"color: #0000ff\"><a style=\"color: #0000ff\" href=\"mailto:deutsch.karriere.erfolg@gmail.com\">deutsch.karriere.erfolg@gmail.com<\/a><\/span><\/span><\/h4>\n<hr \/>\n<h4 style=\"text-align: justify\"><span style=\"font-family: verdana, geneva, sans-serif;color: #000000\"><strong>Das Wunderbar Fesztiv\u00e1l startet bald!<\/strong><\/span><\/h4>\n<h4 style=\"text-align: justify\"><span style=\"font-family: verdana, geneva, sans-serif;color: #000000\"><strong>\u00a0<\/strong><\/span><\/h4>\n<h4 style=\"text-align: justify\"><span style=\"font-family: verdana, geneva, sans-serif;color: #000000\">Ende M\u00e4rz ist es soweit: Das <em>Wunderbar Fesztiv\u00e1l<\/em>, die erste Woche der deutschen Sprache in Ungarn, wird vom 28. M\u00e4rz bis 02. April 2022 stattfinden.<\/span><\/h4>\n<h4 style=\"text-align: justify\"><span style=\"font-family: verdana, geneva, sans-serif;color: #000000\">Noch mehr Menschen in Ungarn f\u00fcr das Erlernen der deutschen Sprache zu interessieren und zu begeistern \u2013 das ist das Ziel des <em>Wunderbar Fesztiv\u00e1ls<\/em>. \u00a0Die e Initiative der Botschaften und kulturellen Mittlerorganisationen Deutschlands, \u00d6sterreichs und der Schweiz m\u00f6chte Eltern, Sch\u00fclern und Sch\u00fclerinnen und allen Sprachinteressierten &#8211; mit und ohne Deutschkenntnisse &#8211; vorstellen, warum und wo es sich lohnt, deutsch zu lernen.<\/span><\/h4>\n<h4 style=\"text-align: justify\"><span style=\"font-family: verdana, geneva, sans-serif;color: #000000\">Zahlreiche Veranstaltungen werden zum Deutschlernen ermutigen und auf spielerische und interaktive Weise zeigen, dass es Spa\u00df macht, Deutsch zu lernen und zu sprechen.<\/span><\/h4>\n<h4 style=\"text-align: justify\"><span style=\"font-family: verdana, geneva, sans-serif;color: #000000\">Viele Schulen, Universit\u00e4ten und Kultureinrichtungen im ganzen Land haben sich bereits mit \u00fcber 100 Veranstaltungen angemeldet:\u00a0 Angefangen von Ausstellungen und Vorlesungen \u00fcber Theaterst\u00fccke und Spiele f\u00fcr Kinder und Erwachsene bis zu Tanzveranstaltungen &#8211; es lohnt sich mitzumachen!\u00a0<\/span><\/h4>\n<h4 style=\"text-align: justify\"><span style=\"font-family: verdana, geneva, sans-serif;color: #000000\">Mehr Informationen dazu auf:<\/span><\/h4>\n<h4 style=\"text-align: justify\"><span style=\"font-family: verdana, geneva, sans-serif;color: #0000ff\"><a style=\"color: #0000ff\" href=\"http:\/\/www.wunderbarfesztival.hu\">www.wunderbarfesztival.hu<\/a><\/span><\/h4>\n<h4 style=\"text-align: justify\"><span style=\"font-family: verdana, geneva, sans-serif;color: #0000ff\"><a style=\"color: #0000ff\" href=\"https:\/\/www.facebook.com\/Deutsch.Karriere.Erfolg\/\">https:\/\/www.facebook.com\/Deutsch.Karriere.Erfolg\/<\/a><\/span><\/h4>\n<h4 style=\"text-align: justify\"><span style=\"font-family: verdana, geneva, sans-serif;color: #000000\">Kontakt:\u00a0 Dr. Gy\u00f6rgyi Germ\u00e1n Koordinatorin\u00a0 <\/span><a href=\"mailto:deutsch.karriere.erfolg@gmail.com\"><span style=\"font-family: verdana, geneva, sans-serif;color: #000000\"><span style=\"color: #0000ff\">deutsch.karriere.erfolg@gmail.com<\/span><\/span><\/a><\/h4>\n","protected":false},"excerpt":{"rendered":"<p>Ez az id\u0151 is elj\u00f6tt! 2022. m\u00e1rcius 28. \u00e9s \u00e1prilis 2. k\u00f6z\u00f6tt ker\u00fcl megrendez\u00e9sre a Wunderbar Fesztiv\u00e1l, az els\u0151 eg\u00e9sz hetes orsz\u00e1gos rendezv\u00e9nysorozat, ahol minden a n\u00e9met nyelv k\u00f6r\u00fcl forog. A Wunderbar fesztiv\u00e1l c\u00e9lja, hogy m\u00e9g t\u00f6bb embert motiv\u00e1ljunk \u00e9s \u00f6szt\u00f6n\u00f6zz\u00fcnk a n\u00e9met nyelv tanul\u00e1s\u00e1ra Magyarorsz\u00e1gon.<\/p>\n","protected":false},"author":2,"featured_media":0,"comment_status":"closed","ping_status":"closed","sticky":false,"template":"","format":"standard","meta":{"footnotes":""},"categories":[40],"tags":[],"class_list":["post-7303","post","type-post","status-publish","format-standard","hentry","category-wunderbar-fesztival"],"_links":{"self":[{"href":"https:\/\/psgsuli.hu\/gimnazium\/wp-json\/wp\/v2\/posts\/7303","targetHints":{"allow":["GET"]}}],"collection":[{"href":"https:\/\/psgsuli.hu\/gimnazium\/wp-json\/wp\/v2\/posts"}],"about":[{"href":"https:\/\/psgsuli.hu\/gimnazium\/wp-json\/wp\/v2\/types\/post"}],"author":[{"embeddable":true,"href":"https:\/\/psgsuli.hu\/gimnazium\/wp-json\/wp\/v2\/users\/2"}],"replies":[{"embeddable":true,"href":"https:\/\/psgsuli.hu\/gimnazium\/wp-json\/wp\/v2\/comments?post=7303"}],"version-history":[{"count":3,"href":"https:\/\/psgsuli.hu\/gimnazium\/wp-json\/wp\/v2\/posts\/7303\/revisions"}],"predecessor-version":[{"id":7307,"href":"https:\/\/psgsuli.hu\/gimnazium\/wp-json\/wp\/v2\/posts\/7303\/revisions\/7307"}],"wp:attachment":[{"href":"https:\/\/psgsuli.hu\/gimnazium\/wp-json\/wp\/v2\/media?parent=7303"}],"wp:term":[{"taxonomy":"category","embeddable":true,"href":"https:\/\/psgsuli.hu\/gimnazium\/wp-json\/wp\/v2\/categories?post=7303"},{"taxonomy":"post_tag","embeddable":true,"href":"https:\/\/psgsuli.hu\/gimnazium\/wp-json\/wp\/v2\/tags?post=7303"}],"curies":[{"name":"wp","href":"https:\/\/api.w.org\/{rel}","templated":true}]}}