{"id":7060,"date":"2021-12-03T13:53:52","date_gmt":"2021-12-03T13:53:52","guid":{"rendered":"https:\/\/psgsuli.hu\/gimnazium\/?p=7060"},"modified":"2021-12-13T08:56:59","modified_gmt":"2021-12-13T08:56:59","slug":"ezustminositessel-jutalmaztak-az-eloadast","status":"publish","type":"post","link":"https:\/\/psgsuli.hu\/gimnazium\/2021\/12\/03\/ezustminositessel-jutalmaztak-az-eloadast\/","title":{"rendered":"Ez\u00fcstmin\u0151s\u00edt\u00e9ssel jutalmazt\u00e1k az el\u0151ad\u00e1st"},"content":{"rendered":"<h3 style=\"text-align: justify\"><span style=\"font-family: verdana, geneva, sans-serif;color: #000000\">2021. december 1-j\u00e9n online konferencia (4 szekci\u00f3, \u00f6sszesen 28 ea. szervez\u0151k: De\u00e1k T\u00e9ri Evang\u00e9likus Gimn\u00e1zium \u00e9s EPSZTI) ker\u00fclt megrendez\u00e9sre a k\u00f6nyvt\u00e1rban, amelyen Ol\u00e1h Krisztina 12. A-s tanul\u00f3 vett r\u00e9szt.<\/span><\/h3>\n<p>&nbsp;<\/p>\n<table>\n<tbody>\n<tr>\n<td><img loading=\"lazy\" decoding=\"async\" class=\"alignnone size-medium wp-image-7063\" src=\"https:\/\/psgsuli.hu\/gimnazium\/wp-content\/uploads\/sites\/3\/2021\/12\/Online-konceferencia-2-300x225.jpg\" alt=\"\" width=\"300\" height=\"225\" srcset=\"https:\/\/psgsuli.hu\/gimnazium\/wp-content\/uploads\/sites\/3\/2021\/12\/Online-konceferencia-2-300x225.jpg 300w, https:\/\/psgsuli.hu\/gimnazium\/wp-content\/uploads\/sites\/3\/2021\/12\/Online-konceferencia-2.jpg 765w\" sizes=\"auto, (max-width: 300px) 100vw, 300px\" \/><\/td>\n<td><img loading=\"lazy\" decoding=\"async\" class=\"alignnone size-medium wp-image-7065\" src=\"https:\/\/psgsuli.hu\/gimnazium\/wp-content\/uploads\/sites\/3\/2021\/12\/Online-konceferencia-4-300x225.jpg\" alt=\"\" width=\"300\" height=\"225\" srcset=\"https:\/\/psgsuli.hu\/gimnazium\/wp-content\/uploads\/sites\/3\/2021\/12\/Online-konceferencia-4-300x225.jpg 300w, https:\/\/psgsuli.hu\/gimnazium\/wp-content\/uploads\/sites\/3\/2021\/12\/Online-konceferencia-4.jpg 765w\" sizes=\"auto, (max-width: 300px) 100vw, 300px\" \/><\/td>\n<\/tr>\n<\/tbody>\n<\/table>\n<h3 style=\"text-align: justify\"><span style=\"font-family: verdana, geneva, sans-serif;color: #000000\">T\u00e9m\u00e1ja az 1950-es \u00e9vek mez\u0151ber\u00e9nyi polg\u00e1ri otthonainak \u00e1llamos\u00edt\u00e1sa lev\u00e9lt\u00e1ri forr\u00e1sok t\u00fckr\u00e9ben volt. Kiemelten mutatta be a Mez\u0151ber\u00e9nyi N\u00e9met Nemzetis\u00e9gi \u00d6nkorm\u00e1nyzat tulajdon\u00e1ban l\u00e9v\u0151 Orlai u. 3. sz\u00e1m alatti h\u00e1z, egykor Herczeg (Hoffmann)-h\u00e1z h\u00e1nyattatott m\u00faltj\u00e1t az \u00e9p\u00edt\u00e9st\u0151l kezdve az 1950-es \u00e9vek derek\u00e1ig. El\u0151ad\u00e1s\u00e1t a szakmai zs\u0171ri ez\u00fcstmin\u0151s\u00edt\u00e9ssel &#8211; innovat\u00edv di\u00e1kkutat\u00f3 c\u00edmmel jutalmazta.<\/span><\/h3>\n<p><img loading=\"lazy\" decoding=\"async\" class=\"alignnone wp-image-7120 size-full\" src=\"https:\/\/psgsuli.hu\/gimnazium\/wp-content\/uploads\/sites\/3\/2021\/12\/265559444_313825987413058_2005387706866836824_n.jpg\" alt=\"\" width=\"644\" height=\"469\" srcset=\"https:\/\/psgsuli.hu\/gimnazium\/wp-content\/uploads\/sites\/3\/2021\/12\/265559444_313825987413058_2005387706866836824_n.jpg 644w, https:\/\/psgsuli.hu\/gimnazium\/wp-content\/uploads\/sites\/3\/2021\/12\/265559444_313825987413058_2005387706866836824_n-300x218.jpg 300w\" sizes=\"auto, (max-width: 644px) 100vw, 644px\" \/><\/p>\n<p><img loading=\"lazy\" decoding=\"async\" class=\"alignnone wp-image-7066 size-full\" src=\"https:\/\/psgsuli.hu\/gimnazium\/wp-content\/uploads\/sites\/3\/2021\/12\/Online-konceferencia-1.jpg\" alt=\"\" width=\"560\" height=\"756\" srcset=\"https:\/\/psgsuli.hu\/gimnazium\/wp-content\/uploads\/sites\/3\/2021\/12\/Online-konceferencia-1.jpg 560w, https:\/\/psgsuli.hu\/gimnazium\/wp-content\/uploads\/sites\/3\/2021\/12\/Online-konceferencia-1-222x300.jpg 222w\" sizes=\"auto, (max-width: 560px) 100vw, 560px\" \/><\/p>\n<h3><\/h3>\n<h3 style=\"text-align: justify\"><span style=\"font-family: verdana, geneva, sans-serif;color: #000000\">Felk\u00e9sz\u00edt\u0151 tan\u00e1r: Bancsi \u00c1rp\u00e1d Istv\u00e1n<\/span><\/h3>\n","protected":false},"excerpt":{"rendered":"<p>2021. december 1-j\u00e9n online konferencia (4 szekci\u00f3, \u00f6sszesen 28 ea. szervez\u0151k: De\u00e1k T\u00e9ri Evang\u00e9likus Gimn\u00e1zium \u00e9s EPSZTI) ker\u00fclt megrendez\u00e9sre a k\u00f6nyvt\u00e1rban, amelyen Ol\u00e1h Krisztina 12. A-s tanul\u00f3 vett r\u00e9szt. &nbsp; T\u00e9m\u00e1ja az 1950-es \u00e9vek mez\u0151ber\u00e9nyi polg\u00e1ri otthonainak \u00e1llamos\u00edt\u00e1sa lev\u00e9lt\u00e1ri forr\u00e1sok t\u00fckr\u00e9ben volt. Kiemelten mutatta be a Mez\u0151ber\u00e9nyi N\u00e9met Nemzetis\u00e9gi \u00d6nkorm\u00e1nyzat tulajdon\u00e1ban l\u00e9v\u0151 Orlai u. 3. [&hellip;]<\/p>\n","protected":false},"author":3,"featured_media":7064,"comment_status":"closed","ping_status":"closed","sticky":false,"template":"","format":"standard","meta":{"footnotes":""},"categories":[39],"tags":[],"class_list":["post-7060","post","type-post","status-publish","format-standard","has-post-thumbnail","hentry","category-esemenyek-2021-2022"],"_links":{"self":[{"href":"https:\/\/psgsuli.hu\/gimnazium\/wp-json\/wp\/v2\/posts\/7060","targetHints":{"allow":["GET"]}}],"collection":[{"href":"https:\/\/psgsuli.hu\/gimnazium\/wp-json\/wp\/v2\/posts"}],"about":[{"href":"https:\/\/psgsuli.hu\/gimnazium\/wp-json\/wp\/v2\/types\/post"}],"author":[{"embeddable":true,"href":"https:\/\/psgsuli.hu\/gimnazium\/wp-json\/wp\/v2\/users\/3"}],"replies":[{"embeddable":true,"href":"https:\/\/psgsuli.hu\/gimnazium\/wp-json\/wp\/v2\/comments?post=7060"}],"version-history":[{"count":4,"href":"https:\/\/psgsuli.hu\/gimnazium\/wp-json\/wp\/v2\/posts\/7060\/revisions"}],"predecessor-version":[{"id":7122,"href":"https:\/\/psgsuli.hu\/gimnazium\/wp-json\/wp\/v2\/posts\/7060\/revisions\/7122"}],"wp:featuredmedia":[{"embeddable":true,"href":"https:\/\/psgsuli.hu\/gimnazium\/wp-json\/wp\/v2\/media\/7064"}],"wp:attachment":[{"href":"https:\/\/psgsuli.hu\/gimnazium\/wp-json\/wp\/v2\/media?parent=7060"}],"wp:term":[{"taxonomy":"category","embeddable":true,"href":"https:\/\/psgsuli.hu\/gimnazium\/wp-json\/wp\/v2\/categories?post=7060"},{"taxonomy":"post_tag","embeddable":true,"href":"https:\/\/psgsuli.hu\/gimnazium\/wp-json\/wp\/v2\/tags?post=7060"}],"curies":[{"name":"wp","href":"https:\/\/api.w.org\/{rel}","templated":true}]}}