{"id":5668,"date":"2020-11-27T15:55:43","date_gmt":"2020-11-27T15:55:43","guid":{"rendered":"https:\/\/psgsuli.hu\/gimnazium\/?p=5668"},"modified":"2020-11-27T15:55:43","modified_gmt":"2020-11-27T15:55:43","slug":"orszagos-diakolimpia-donto-szekesfehervar-2003-2004-tanev","status":"publish","type":"post","link":"https:\/\/psgsuli.hu\/gimnazium\/2020\/11\/27\/orszagos-diakolimpia-donto-szekesfehervar-2003-2004-tanev\/","title":{"rendered":"Orsz\u00e1gos Di\u00e1kolimpia D\u00f6nt\u0151 Sz\u00e9kesfeh\u00e9rv\u00e1r 2003\/2004. tan\u00e9v"},"content":{"rendered":"<h4><strong><span style=\"font-family: verdana, geneva, sans-serif;color: #000000\">Orsz\u00e1gos Di\u00e1kolimpia D\u00f6nt\u0151 Sz\u00e9kesfeh\u00e9rv\u00e1r<\/span><\/strong><\/h4>\n<p>&nbsp;<\/p>\n<h4><strong><span style=\"font-family: verdana, geneva, sans-serif;color: #000000\">\u00dasz\u00e1s<\/span><\/strong><\/h4>\n<h4>\n&nbsp;<br \/>\n<strong><span style=\"font-family: verdana, geneva, sans-serif;color: #000000\">\u201eB\u201d kateg\u00f3ria (amat\u0151r versenyz\u0151k)<\/span><\/strong><\/h4>\n<p>&nbsp;<\/p>\n<h4><span style=\"font-family: verdana, geneva, sans-serif;color: #000000\">100 m gyors\u00fasz\u00e1s IV. helyez\u00e9s Nov\u00e1k \u00c1gnes<\/span><br \/>\n<span style=\"font-family: verdana, geneva, sans-serif;color: #000000\">100 m h\u00e1t\u00fasz\u00e1s IV. helyez\u00e9s Nov\u00e1k \u00c1gnes<\/span><\/h4>\n<p>&nbsp;<\/p>\n<h4><span style=\"font-family: verdana, geneva, sans-serif;color: #000000\"><strong>Felk\u00e9sz\u00edt\u0151:<\/strong> Szekeresn\u00e9 Szil\u00e1gyi Zsuzsa<\/span><\/h4>\n<h4><\/h4>\n","protected":false},"excerpt":{"rendered":"<p>Orsz\u00e1gos Di\u00e1kolimpia D\u00f6nt\u0151 Sz\u00e9kesfeh\u00e9rv\u00e1r &nbsp; \u00dasz\u00e1s &nbsp; \u201eB\u201d kateg\u00f3ria (amat\u0151r versenyz\u0151k) &nbsp; 100 m gyors\u00fasz\u00e1s IV. helyez\u00e9s Nov\u00e1k \u00c1gnes 100 m h\u00e1t\u00fasz\u00e1s IV. helyez\u00e9s Nov\u00e1k \u00c1gnes &nbsp; Felk\u00e9sz\u00edt\u0151: Szekeresn\u00e9 Szil\u00e1gyi Zsuzsa<\/p>\n","protected":false},"author":3,"featured_media":0,"comment_status":"closed","ping_status":"closed","sticky":false,"template":"","format":"standard","meta":{"footnotes":""},"categories":[35],"tags":[],"class_list":["post-5668","post","type-post","status-publish","format-standard","hentry","category-dse-2"],"_links":{"self":[{"href":"https:\/\/psgsuli.hu\/gimnazium\/wp-json\/wp\/v2\/posts\/5668","targetHints":{"allow":["GET"]}}],"collection":[{"href":"https:\/\/psgsuli.hu\/gimnazium\/wp-json\/wp\/v2\/posts"}],"about":[{"href":"https:\/\/psgsuli.hu\/gimnazium\/wp-json\/wp\/v2\/types\/post"}],"author":[{"embeddable":true,"href":"https:\/\/psgsuli.hu\/gimnazium\/wp-json\/wp\/v2\/users\/3"}],"replies":[{"embeddable":true,"href":"https:\/\/psgsuli.hu\/gimnazium\/wp-json\/wp\/v2\/comments?post=5668"}],"version-history":[{"count":4,"href":"https:\/\/psgsuli.hu\/gimnazium\/wp-json\/wp\/v2\/posts\/5668\/revisions"}],"predecessor-version":[{"id":5672,"href":"https:\/\/psgsuli.hu\/gimnazium\/wp-json\/wp\/v2\/posts\/5668\/revisions\/5672"}],"wp:attachment":[{"href":"https:\/\/psgsuli.hu\/gimnazium\/wp-json\/wp\/v2\/media?parent=5668"}],"wp:term":[{"taxonomy":"category","embeddable":true,"href":"https:\/\/psgsuli.hu\/gimnazium\/wp-json\/wp\/v2\/categories?post=5668"},{"taxonomy":"post_tag","embeddable":true,"href":"https:\/\/psgsuli.hu\/gimnazium\/wp-json\/wp\/v2\/tags?post=5668"}],"curies":[{"name":"wp","href":"https:\/\/api.w.org\/{rel}","templated":true}]}}