{"id":5656,"date":"2020-11-27T15:22:56","date_gmt":"2020-11-27T15:22:56","guid":{"rendered":"https:\/\/psgsuli.hu\/gimnazium\/?p=5656"},"modified":"2020-11-27T15:22:56","modified_gmt":"2020-11-27T15:22:56","slug":"diakolimpia-egyeni-orszagos-donto-2001-06-12-15","status":"publish","type":"post","link":"https:\/\/psgsuli.hu\/gimnazium\/2020\/11\/27\/diakolimpia-egyeni-orszagos-donto-2001-06-12-15\/","title":{"rendered":"Di\u00e1kolimpia Egy\u00e9ni Orsz\u00e1gos D\u00f6nt\u0151 (2001.06.12.15.)"},"content":{"rendered":"<h4><span style=\"font-family: verdana, geneva, sans-serif;color: #000000\"><strong>Di\u00e1kolimpia Egy\u00e9ni Orsz\u00e1gos D\u00f6nt\u0151:Debrecen,\u00a0 2001. 06.12-15.<\/strong><\/p>\n<p><strong>Diszkoszvet\u00e9s:\u00a0<\/strong><\/p>\n<p>IV. helyez\u00e9s: Herczegfalvi Csan\u00e1d, 44,70 m<br \/>\n<\/span><span style=\"font-family: verdana, geneva, sans-serif;color: #000000\">I. helyez\u00e9s: Farag\u00f3 G\u00e1bor, 38,52 m<\/span><\/h4>\n<p>&nbsp;<\/p>\n<h4><span style=\"font-family: verdana, geneva, sans-serif;color: #000000\"><strong>S\u00falyl\u00f6k\u00e9s:\u00a0\u00a0<\/strong><\/p>\n<p>VII. helyez\u00e9s: Herczegfalvi Csan\u00e1d, 12,82 m<\/span><span style=\"font-family: verdana, geneva, sans-serif;color: #000000\"><br \/>\n<strong>Edz\u0151:<\/strong> Kiss Ferenc<br \/>\n<\/span><span style=\"font-family: verdana, geneva, sans-serif;color: #000000\"><strong>Testnevel\u0151:<\/strong> Szekeresn\u00e9 Szil\u00e1gyi Zsuzsa\u00a0\u00a0\u00a0\u00a0\u00a0\u00a0<\/span><\/h4>\n<p>&nbsp;<\/p>\n<h4><span style=\"font-family: verdana, geneva, sans-serif;color: #000000\">Budapest, 2004. j\u00fanius<\/span><\/h4>\n<p>&nbsp;<\/p>\n<h4><span style=\"font-family: verdana, geneva, sans-serif;color: #000000\"><strong>S\u00falyl\u00f6k\u00e9s:\u00a0<\/strong><br \/>\nIV. helyez\u00e9s: Nov\u00e1k \u00c1gnes<\/p>\n<p><\/span> <span style=\"font-family: verdana, geneva, sans-serif;color: #000000\"><strong>Testnevel\u0151:<\/strong> Szekeresn\u00e9 Szil\u00e1gyi Zsuzsa<\/span><\/h4>\n","protected":false},"excerpt":{"rendered":"<p>Di\u00e1kolimpia Egy\u00e9ni Orsz\u00e1gos D\u00f6nt\u0151:Debrecen,\u00a0 2001. 06.12-15. Diszkoszvet\u00e9s:\u00a0 IV. helyez\u00e9s: Herczegfalvi Csan\u00e1d, 44,70 m I. helyez\u00e9s: Farag\u00f3 G\u00e1bor, 38,52 m &nbsp; S\u00falyl\u00f6k\u00e9s:\u00a0\u00a0 VII. helyez\u00e9s: Herczegfalvi Csan\u00e1d, 12,82 m Edz\u0151: Kiss Ferenc Testnevel\u0151: Szekeresn\u00e9 Szil\u00e1gyi Zsuzsa\u00a0\u00a0\u00a0\u00a0\u00a0\u00a0 &nbsp; Budapest, 2004. j\u00fanius &nbsp; S\u00falyl\u00f6k\u00e9s:\u00a0 IV. helyez\u00e9s: Nov\u00e1k \u00c1gnes Testnevel\u0151: Szekeresn\u00e9 Szil\u00e1gyi Zsuzsa<\/p>\n","protected":false},"author":3,"featured_media":0,"comment_status":"closed","ping_status":"closed","sticky":false,"template":"","format":"standard","meta":{"footnotes":""},"categories":[35],"tags":[],"class_list":["post-5656","post","type-post","status-publish","format-standard","hentry","category-dse-2"],"_links":{"self":[{"href":"https:\/\/psgsuli.hu\/gimnazium\/wp-json\/wp\/v2\/posts\/5656","targetHints":{"allow":["GET"]}}],"collection":[{"href":"https:\/\/psgsuli.hu\/gimnazium\/wp-json\/wp\/v2\/posts"}],"about":[{"href":"https:\/\/psgsuli.hu\/gimnazium\/wp-json\/wp\/v2\/types\/post"}],"author":[{"embeddable":true,"href":"https:\/\/psgsuli.hu\/gimnazium\/wp-json\/wp\/v2\/users\/3"}],"replies":[{"embeddable":true,"href":"https:\/\/psgsuli.hu\/gimnazium\/wp-json\/wp\/v2\/comments?post=5656"}],"version-history":[{"count":2,"href":"https:\/\/psgsuli.hu\/gimnazium\/wp-json\/wp\/v2\/posts\/5656\/revisions"}],"predecessor-version":[{"id":5658,"href":"https:\/\/psgsuli.hu\/gimnazium\/wp-json\/wp\/v2\/posts\/5656\/revisions\/5658"}],"wp:attachment":[{"href":"https:\/\/psgsuli.hu\/gimnazium\/wp-json\/wp\/v2\/media?parent=5656"}],"wp:term":[{"taxonomy":"category","embeddable":true,"href":"https:\/\/psgsuli.hu\/gimnazium\/wp-json\/wp\/v2\/categories?post=5656"},{"taxonomy":"post_tag","embeddable":true,"href":"https:\/\/psgsuli.hu\/gimnazium\/wp-json\/wp\/v2\/tags?post=5656"}],"curies":[{"name":"wp","href":"https:\/\/api.w.org\/{rel}","templated":true}]}}