{"id":5649,"date":"2020-11-27T15:17:26","date_gmt":"2020-11-27T15:17:26","guid":{"rendered":"https:\/\/psgsuli.hu\/gimnazium\/?p=5649"},"modified":"2020-11-27T16:11:04","modified_gmt":"2020-11-27T16:11:04","slug":"diakolimpia-csapatbajnoksag-orszagos-donto-2000-10-11","status":"publish","type":"post","link":"https:\/\/psgsuli.hu\/gimnazium\/2020\/11\/27\/diakolimpia-csapatbajnoksag-orszagos-donto-2000-10-11\/","title":{"rendered":"Di\u00e1kolimpia Csapatbajnoks\u00e1g Orsz\u00e1gos D\u00f6nt\u0151 (2000.10.11.)"},"content":{"rendered":"<h4><strong><span style=\"font-family: verdana, geneva, sans-serif;color: #000000\">Di\u00e1kolimpia Csapatbajnoks\u00e1g Orsz\u00e1gos D\u00f6nt\u0151: Budapest, 2000.10.11.<\/span><\/strong><!--more--><\/h4>\n<p>&nbsp;<\/p>\n<h4><span style=\"font-family: verdana, geneva, sans-serif;color: #000000\"><span style=\"text-decoration: underline\"><strong>Diszkoszvet\u00e9s:<\/strong><\/span><br \/>\n<\/span><\/h4>\n<p>&nbsp;<\/p>\n<h4><span style=\"font-family: verdana, geneva, sans-serif;color: #000000\"><strong>I. helyez\u00e9s:<br \/>\n40,44 m csapat\u00e1tlag<\/strong><\/span><\/h4>\n<p>&nbsp;<\/p>\n<h4><img loading=\"lazy\" decoding=\"async\" class=\"alignnone wp-image-5650 size-large\" src=\"https:\/\/psgsuli.hu\/gimnazium\/wp-content\/uploads\/sites\/3\/2020\/11\/Atletika-1024x730.jpg\" alt=\"\" width=\"640\" height=\"456\" srcset=\"https:\/\/psgsuli.hu\/gimnazium\/wp-content\/uploads\/sites\/3\/2020\/11\/Atletika-1024x730.jpg 1024w, https:\/\/psgsuli.hu\/gimnazium\/wp-content\/uploads\/sites\/3\/2020\/11\/Atletika-300x214.jpg 300w, https:\/\/psgsuli.hu\/gimnazium\/wp-content\/uploads\/sites\/3\/2020\/11\/Atletika-768x548.jpg 768w, https:\/\/psgsuli.hu\/gimnazium\/wp-content\/uploads\/sites\/3\/2020\/11\/Atletika.jpg 1143w\" sizes=\"auto, (max-width: 640px) 100vw, 640px\" \/><\/h4>\n<h4><span style=\"font-family: verdana, geneva, sans-serif;color: #000000\">A csapat tagjai: \u00e1llva: Leczk\u00e9si L\u00e9n\u00e1rd, Varga Bal\u00e1zs<br \/>\n<\/span><span style=\"font-family: verdana, geneva, sans-serif;color: #000000\">Guggolva: Farag\u00f3 G\u00e1bor, Herczegfalvi Csan\u00e1d, Holl\u00f3si Zolt\u00e1n,<\/span><\/h4>\n<p>&nbsp;<\/p>\n<h4><span style=\"font-family: verdana, geneva, sans-serif;color: #000000\"><strong>Edz\u0151:<\/strong> Kiss Ferenc<br \/>\n<\/span><span style=\"font-family: verdana, geneva, sans-serif;color: #000000\"><strong>Testnevel\u0151:<\/strong> Szekeresn\u00e9 Szil\u00e1gyi Zsuzsa \u00e9s Hidasi L\u00e1szl\u00f3\u00a0\u00a0\u00a0\u00a0\u00a0\u00a0\u00a0\u00a0\u00a0\u00a0\u00a0\u00a0\u00a0\u00a0\u00a0\u00a0\u00a0<\/span><\/h4>\n<p>&nbsp;<\/p>\n<h4 style=\"text-align: justify\"><span style=\"font-family: verdana, geneva, sans-serif;color: #000000\"><span style=\"text-decoration: underline\">S\u00falyl\u00f6k\u00e9s:<\/span><br \/>\n<strong>VII. helyez\u00e9s: 10,99 m csapat\u00e1tlag<\/strong><\/span><\/h4>\n<h4><span style=\"font-family: verdana, geneva, sans-serif;color: #000000\">A csapat tagjai: Farag\u00f3 G\u00e1bor, Herczegfalvi Csan\u00e1d, Holl\u00f3si Zolt\u00e1n, <\/span><span style=\"font-family: verdana, geneva, sans-serif;color: #000000\">Leczk\u00e9si L\u00e9n\u00e1rd, Varga Bal\u00e1zs<\/span><\/h4>\n<p>&nbsp;<\/p>\n<h4><span style=\"font-family: verdana, geneva, sans-serif;color: #000000\"><strong> Edz\u0151:<\/strong> Kiss Ferenc<\/span><span style=\"font-family: verdana, geneva, sans-serif;color: #000000\"><br \/>\n<strong>Testnevel\u0151:<\/strong> Szekeresn\u00e9 Szil\u00e1gyi Zsuzsa \u00e9s Hidasi L\u00e1szl\u00f3\u00a0\u00a0\u00a0\u00a0\u00a0\u00a0\u00a0\u00a0\u00a0\u00a0\u00a0\u00a0\u00a0\u00a0\u00a0\u00a0\u00a0<\/span><\/h4>\n<h4><\/h4>\n","protected":false},"excerpt":{"rendered":"<p>Di\u00e1kolimpia Csapatbajnoks\u00e1g Orsz\u00e1gos D\u00f6nt\u0151: Budapest, 2000.10.11.<\/p>\n","protected":false},"author":3,"featured_media":0,"comment_status":"closed","ping_status":"closed","sticky":false,"template":"","format":"standard","meta":{"footnotes":""},"categories":[35],"tags":[],"class_list":["post-5649","post","type-post","status-publish","format-standard","hentry","category-dse-2"],"_links":{"self":[{"href":"https:\/\/psgsuli.hu\/gimnazium\/wp-json\/wp\/v2\/posts\/5649","targetHints":{"allow":["GET"]}}],"collection":[{"href":"https:\/\/psgsuli.hu\/gimnazium\/wp-json\/wp\/v2\/posts"}],"about":[{"href":"https:\/\/psgsuli.hu\/gimnazium\/wp-json\/wp\/v2\/types\/post"}],"author":[{"embeddable":true,"href":"https:\/\/psgsuli.hu\/gimnazium\/wp-json\/wp\/v2\/users\/3"}],"replies":[{"embeddable":true,"href":"https:\/\/psgsuli.hu\/gimnazium\/wp-json\/wp\/v2\/comments?post=5649"}],"version-history":[{"count":6,"href":"https:\/\/psgsuli.hu\/gimnazium\/wp-json\/wp\/v2\/posts\/5649\/revisions"}],"predecessor-version":[{"id":5681,"href":"https:\/\/psgsuli.hu\/gimnazium\/wp-json\/wp\/v2\/posts\/5649\/revisions\/5681"}],"wp:attachment":[{"href":"https:\/\/psgsuli.hu\/gimnazium\/wp-json\/wp\/v2\/media?parent=5649"}],"wp:term":[{"taxonomy":"category","embeddable":true,"href":"https:\/\/psgsuli.hu\/gimnazium\/wp-json\/wp\/v2\/categories?post=5649"},{"taxonomy":"post_tag","embeddable":true,"href":"https:\/\/psgsuli.hu\/gimnazium\/wp-json\/wp\/v2\/tags?post=5649"}],"curies":[{"name":"wp","href":"https:\/\/api.w.org\/{rel}","templated":true}]}}