{"id":5644,"date":"2020-11-27T14:17:29","date_gmt":"2020-11-27T14:17:29","guid":{"rendered":"https:\/\/psgsuli.hu\/gimnazium\/?p=5644"},"modified":"2020-11-27T14:17:45","modified_gmt":"2020-11-27T14:17:45","slug":"bemutatkozik-a-diaksport-egyesulet","status":"publish","type":"post","link":"https:\/\/psgsuli.hu\/gimnazium\/2020\/11\/27\/bemutatkozik-a-diaksport-egyesulet\/","title":{"rendered":"Bemutatkozik a Di\u00e1ksport Egyes\u00fclet"},"content":{"rendered":"<h4 style=\"text-align: justify\"><span style=\"font-family: verdana, geneva, sans-serif;color: #000000\">Iskol\u00e1nk Di\u00e1ksport Egyes\u00fclete 1998-ban alakult. Az iskola minden tanul\u00f3ja tagja egyes\u00fclet\u00fcnknek. Eln\u00f6ke: Szugyiczkin\u00e9 Balogh Edit.<\/span><\/h4>\n<p><!--more--><\/p>\n<h4 style=\"text-align: justify\"><strong><span style=\"font-family: verdana, geneva, sans-serif;color: #000000\">P\u00e9nz\u00fcgyi forr\u00e1saink, t\u00e1mogat\u00f3ink:<\/span><\/strong><\/h4>\n<h4 style=\"text-align: justify\"><span style=\"font-family: verdana, geneva, sans-serif;color: #000000\">Mez\u0151ber\u00e9ny V\u00e1ros \u00d6nkorm\u00e1nyzata, \u00e1llami t\u00e1mogat\u00e1s, szponzori t\u00e1mogat\u00e1sok \u00e9s az SZJA 1%-os felaj\u00e1nl\u00e1sok \u2013 2007-ben 264.874 Ft.<\/span><\/h4>\n<p>&nbsp;<\/p>\n<h4 style=\"text-align: justify\"><span style=\"font-family: verdana, geneva, sans-serif;color: #000000\"><strong>Ad\u00f3sz\u00e1ma:<\/strong> 18380606-1-04<\/span><\/h4>\n<p>&nbsp;<\/p>\n<h4 style=\"text-align: justify\"><span style=\"font-family: verdana, geneva, sans-serif;color: #000000\">\u00c9vr\u0151l-\u00e9vre r\u00e9szt vesz\u00fcnk a Magyar Di\u00e1ksport Sz\u00f6vets\u00e9g \u00e1ltal rendezett Di\u00e1kolimpiai versenyrendszerben, egy\u00e9ni \u00e9s csapat sport\u00e1gakban.<\/span><\/h4>\n<h4 style=\"text-align: justify\"><span style=\"font-family: verdana, geneva, sans-serif;color: #000000\">P\u00e1ly\u00e1zati p\u00e9nzb\u0151l t\u00f6bb alkalommal nevezt\u00fcnk be a Budapest Sportiroda \u00e1ltal megrendezett utcai fut\u00f3versenyekre.<\/span><\/h4>\n<p>&nbsp;<\/p>\n<h4 style=\"text-align: justify\"><span style=\"font-family: verdana, geneva, sans-serif;color: #000000\">Rendszeresen r\u00e9szt vesz\u00fcnk a b\u00e9k\u00e9si Madzagfalvi fut\u00e1son, valamint a B\u00e9k\u00e9scsab\u00e1n megrendez\u00e9sre ker\u00fcl\u0151 fut\u00f3versenyeken.<\/span><\/h4>\n<h4 style=\"text-align: justify\"><\/h4>\n<h4 style=\"text-align: justify\"><span style=\"font-family: verdana, geneva, sans-serif;color: #000000\">Edz\u00e9sek az al\u00e1bbi sport\u00e1gakban vannak:<\/span><\/h4>\n<p>&nbsp;<\/p>\n<table style=\"width: 307px\">\n<caption>\u00a0<\/caption>\n<tbody>\n<tr>\n<td style=\"width: 141.6px\">Kos\u00e1rlabda:<\/td>\n<td style=\"width: 150.4px\">fi\u00fa<\/td>\n<\/tr>\n<tr>\n<td style=\"width: 141.6px\">Kos\u00e1rlabda:<\/td>\n<td style=\"width: 150.4px\">le\u00e1ny<\/td>\n<\/tr>\n<tr>\n<td style=\"width: 141.6px\">K\u00e9zilabda:<\/td>\n<td style=\"width: 150.4px\">fi\u00fa-le\u00e1ny<\/td>\n<\/tr>\n<tr>\n<td style=\"width: 141.6px\">Tenisz:<\/td>\n<td style=\"width: 150.4px\">fi\u00fa-le\u00e1ny<\/td>\n<\/tr>\n<tr>\n<td style=\"width: 141.6px\">SpinRacing:<\/td>\n<td style=\"width: 150.4px\">fi\u00fa-le\u00e1ny<\/td>\n<\/tr>\n<\/tbody>\n<\/table>\n<p>&nbsp;<\/p>\n<h4><span style=\"font-family: verdana, geneva, sans-serif;color: #000000\">T\u00f6megsport keret\u00e9ben lehet\u0151s\u00e9g van a konditerem haszn\u00e1lat\u00e1ra<\/span><\/h4>\n<h4><\/h4>\n<p>&nbsp;<\/p>\n<h4><span style=\"font-family: verdana, geneva, sans-serif;color: #000000\">H\u00e1zibajnoks\u00e1gok: foci, kos\u00e1rlabda, r\u00f6plabda, fekvenyom\u00e1s, asztalitenisz, street-ball,<\/span><\/h4>\n<p>&nbsp;<\/p>\n<h4><span style=\"font-family: verdana, geneva, sans-serif;color: #000000\"><strong>T\u00e1rgyi felszerelts\u00e9g\u00fcnk:<\/strong><br \/>\n<\/span><\/h4>\n<ul>\n<li>\n<h4><span style=\"font-family: verdana, geneva, sans-serif;color: #000000\">18&#215;36 m\u00e9teres tornaterem<\/span><\/h4>\n<\/li>\n<li>\n<h4><span style=\"font-family: verdana, geneva, sans-serif;color: #000000\">Aerobik terem \u2013 szteppadokkal, \u201en\u0151i\u201d kondig\u00e9pekkel \u00e9s\u00a0\u00a0\u00a0\u00a0\u00a0\u00a0\u00a0\u00a0<\/span><\/h4>\n<\/li>\n<li>\n<h4><span style=\"font-family: verdana, geneva, sans-serif;color: #000000\">SpinRacing-ker\u00e9kp\u00e1rokkal<\/span><\/h4>\n<\/li>\n<li>\n<h4><span style=\"font-family: verdana, geneva, sans-serif;color: #000000\">Kondicion\u00e1l\u00f3 terem<\/span><\/h4>\n<\/li>\n<li>\n<h4><span style=\"font-family: verdana, geneva, sans-serif;color: #000000\">Salakos k\u00e9zilabda p\u00e1lya<\/span><\/h4>\n<\/li>\n<li>\n<h4><span style=\"font-family: verdana, geneva, sans-serif;color: #000000\">L\u00e1btenisz p\u00e1lya<\/span><\/h4>\n<\/li>\n<\/ul>\n<p>&nbsp;<\/p>\n","protected":false},"excerpt":{"rendered":"<p>Iskol\u00e1nk Di\u00e1ksport Egyes\u00fclete 1998-ban alakult. Az iskola minden tanul\u00f3ja tagja egyes\u00fclet\u00fcnknek. Eln\u00f6ke: Szugyiczkin\u00e9 Balogh Edit.<\/p>\n","protected":false},"author":3,"featured_media":0,"comment_status":"closed","ping_status":"closed","sticky":false,"template":"","format":"standard","meta":{"footnotes":""},"categories":[35],"tags":[],"class_list":["post-5644","post","type-post","status-publish","format-standard","hentry","category-dse-2"],"_links":{"self":[{"href":"https:\/\/psgsuli.hu\/gimnazium\/wp-json\/wp\/v2\/posts\/5644","targetHints":{"allow":["GET"]}}],"collection":[{"href":"https:\/\/psgsuli.hu\/gimnazium\/wp-json\/wp\/v2\/posts"}],"about":[{"href":"https:\/\/psgsuli.hu\/gimnazium\/wp-json\/wp\/v2\/types\/post"}],"author":[{"embeddable":true,"href":"https:\/\/psgsuli.hu\/gimnazium\/wp-json\/wp\/v2\/users\/3"}],"replies":[{"embeddable":true,"href":"https:\/\/psgsuli.hu\/gimnazium\/wp-json\/wp\/v2\/comments?post=5644"}],"version-history":[{"count":4,"href":"https:\/\/psgsuli.hu\/gimnazium\/wp-json\/wp\/v2\/posts\/5644\/revisions"}],"predecessor-version":[{"id":5648,"href":"https:\/\/psgsuli.hu\/gimnazium\/wp-json\/wp\/v2\/posts\/5644\/revisions\/5648"}],"wp:attachment":[{"href":"https:\/\/psgsuli.hu\/gimnazium\/wp-json\/wp\/v2\/media?parent=5644"}],"wp:term":[{"taxonomy":"category","embeddable":true,"href":"https:\/\/psgsuli.hu\/gimnazium\/wp-json\/wp\/v2\/categories?post=5644"},{"taxonomy":"post_tag","embeddable":true,"href":"https:\/\/psgsuli.hu\/gimnazium\/wp-json\/wp\/v2\/tags?post=5644"}],"curies":[{"name":"wp","href":"https:\/\/api.w.org\/{rel}","templated":true}]}}