{"id":5601,"date":"2020-11-20T11:11:45","date_gmt":"2020-11-20T11:11:45","guid":{"rendered":"https:\/\/psgsuli.hu\/gimnazium\/?p=5601"},"modified":"2020-11-20T11:11:45","modified_gmt":"2020-11-20T11:11:45","slug":"tajekoztatas","status":"publish","type":"post","link":"https:\/\/psgsuli.hu\/gimnazium\/2020\/11\/20\/tajekoztatas\/","title":{"rendered":"T\u00e1j\u00e9koztat\u00e1s"},"content":{"rendered":"<h4 style=\"text-align: justify\"><strong><span style=\"font-family: verdana, geneva, sans-serif;color: #000000\">Kedves Di\u00e1kok!<\/span><\/strong><\/h4>\n<p>&nbsp;<\/p>\n<h4 style=\"text-align: justify\"><span style=\"font-family: verdana, geneva, sans-serif;color: #000000\">Int\u00e9zm\u00e9ny\u00fcnkben 2020. november 11-t\u0151l p\u00e1rhuzamosan folyik a jelenl\u00e9ti (1-8. \u00e9vfolyamok) \u00e9s a digit\u00e1lis oktat\u00e1s (9-12. \u00e9vfolyamok).<\/span><\/h4>\n<p><!--more--><\/p>\n<h4 style=\"text-align: justify\"><span style=\"font-family: verdana, geneva, sans-serif;color: #000000\">Ez ut\u00f3bbira vonatkozik a Digit\u00e1lis munkarend szab\u00e1lyai c\u00edm\u0171 dokumentum (r\u00e9szv\u00e9tel az \u00f3r\u00e1n, hi\u00e1nyz\u00e1s \u00e9s igazol\u00e1sa stb.).<\/span><\/h4>\n<p>&nbsp;<\/p>\n<h4 style=\"text-align: justify\"><span style=\"font-family: verdana, geneva, sans-serif;color: #000000\">A tavaszi gyakorlatt\u00f3l elt\u00e9r\u0151en egy\u00e9ni \u00e9s kiscsoportos szem\u00e9lyes konzult\u00e1ci\u00f3k szervez\u00e9se lehets\u00e9ges az iskol\u00e1ban!<\/span><\/h4>\n<p>&nbsp;<\/p>\n<h4 style=\"text-align: justify\"><span style=\"font-family: verdana, geneva, sans-serif;color: #000000\">Az OH t\u00e1j\u00e9koztat\u00e1sa szerint az Orsz\u00e1gos K\u00f6z\u00e9piskolai Tanulm\u00e1nyi Verseny els\u0151, iskolai fordul\u00f3i, 2020. november 16-\u00e1val kezd\u0151d\u0151en &#8211; a versenyki\u00edr\u00e1sban megjel\u00f6lt kezd\u00e9si id\u0151pontt\u00f3l elt\u00e9r\u0151en -12 \u00f3rakor kezd\u0151dnek az int\u00e9zm\u00e9nyben! (Biol\u00f3gia \u2013 2020. nov. 17.,\u00a0 Angol \u2013 2020. nov. 23.)<\/span><\/h4>\n<p>&nbsp;<\/p>\n<h4 style=\"text-align: justify\"><span style=\"font-family: verdana, geneva, sans-serif;color: #000000\">Az \u0151szi \u00e9retts\u00e9gi vizsga sz\u00f3beli id\u0151pontja int\u00e9zm\u00e9ny\u00fcnkben 2020. november 26-27.<\/span><\/h4>\n<p>&nbsp;<\/p>\n<h4 style=\"text-align: justify\"><span style=\"font-family: verdana, geneva, sans-serif;color: #000000\">Pedag\u00f3giai-szakmai szolg\u00e1ltat\u00e1sok tov\u00e1bbra is m\u0171k\u00f6dnek.<\/span><\/h4>\n<p>&nbsp;<\/p>\n<h4 style=\"text-align: justify\"><span style=\"font-family: verdana, geneva, sans-serif;color: #000000\">A szalagavat\u00f3 rendezv\u00e9nyeket a visszavon\u00e1sig tilos tartani.<\/span><\/h4>\n<p>&nbsp;<\/p>\n<h4 style=\"text-align: justify\"><span style=\"font-family: verdana, geneva, sans-serif;color: #000000\"><strong>A Gimn\u00e1ziumban november 21. \u00e1thelyezett munkanap<\/strong> (cs\u00fct\u00f6rt\u00f6k). Okt\u00f3ber 22-t dolgozzuk le. Valamennyi \u00f3rarendi \u00f3ra megtart\u00e1sra \u00e9s \u00edgy be\u00edr\u00e1sra ker\u00fcl!<\/span><\/h4>\n<p>&nbsp;<\/p>\n<h4 style=\"text-align: justify\"><span style=\"font-family: verdana, geneva, sans-serif;color: #000000\">Az \u00e1ltal\u00e1nos iskol\u00e1ban 1-5. \u00e9vfolyamig nem lesz tan\u00edt\u00e1s!<\/span><\/h4>\n<p>&nbsp;<\/p>\n<h4 style=\"text-align: justify\"><span style=\"font-family: verdana, geneva, sans-serif;color: #000000\">November 21. ny\u00edlt nap (online) is. Felvett \u00f3r\u00e1kba betekint\u00e9s, illetve online el\u00e9r\u00e9s az \u00e9rdekl\u0151d\u0151 8. oszt\u00e1lyos di\u00e1kok \u00e9s sz\u00fcleik sz\u00e1m\u00e1ra!<\/span><\/h4>\n<p>&nbsp;<\/p>\n<h4 style=\"text-align: justify\"><span style=\"font-family: verdana, geneva, sans-serif;color: #000000\">Mez\u0151ber\u00e9ny, 2020. november 12.<\/span><\/h4>\n<p>&nbsp;<\/p>\n<h4 style=\"text-align: right\"><span style=\"font-family: verdana, geneva, sans-serif;color: #000000\"> Dr. R\u00fcckn\u00e9 Mez\u0151 Gy\u00f6rgyi<br \/>\n<\/span><span style=\"font-family: verdana, geneva, sans-serif;color: #000000\">int\u00e9zm\u00e9nyvezet\u0151<\/span><\/h4>\n","protected":false},"excerpt":{"rendered":"<p>Kedves Di\u00e1kok! &nbsp; Int\u00e9zm\u00e9ny\u00fcnkben 2020. november 11-t\u0151l p\u00e1rhuzamosan folyik a jelenl\u00e9ti (1-8. \u00e9vfolyamok) \u00e9s a digit\u00e1lis oktat\u00e1s (9-12. \u00e9vfolyamok).<\/p>\n","protected":false},"author":3,"featured_media":0,"comment_status":"closed","ping_status":"closed","sticky":false,"template":"","format":"standard","meta":{"footnotes":""},"categories":[36],"tags":[],"class_list":["post-5601","post","type-post","status-publish","format-standard","hentry","category-digitalis-oktatas"],"_links":{"self":[{"href":"https:\/\/psgsuli.hu\/gimnazium\/wp-json\/wp\/v2\/posts\/5601","targetHints":{"allow":["GET"]}}],"collection":[{"href":"https:\/\/psgsuli.hu\/gimnazium\/wp-json\/wp\/v2\/posts"}],"about":[{"href":"https:\/\/psgsuli.hu\/gimnazium\/wp-json\/wp\/v2\/types\/post"}],"author":[{"embeddable":true,"href":"https:\/\/psgsuli.hu\/gimnazium\/wp-json\/wp\/v2\/users\/3"}],"replies":[{"embeddable":true,"href":"https:\/\/psgsuli.hu\/gimnazium\/wp-json\/wp\/v2\/comments?post=5601"}],"version-history":[{"count":6,"href":"https:\/\/psgsuli.hu\/gimnazium\/wp-json\/wp\/v2\/posts\/5601\/revisions"}],"predecessor-version":[{"id":5607,"href":"https:\/\/psgsuli.hu\/gimnazium\/wp-json\/wp\/v2\/posts\/5601\/revisions\/5607"}],"wp:attachment":[{"href":"https:\/\/psgsuli.hu\/gimnazium\/wp-json\/wp\/v2\/media?parent=5601"}],"wp:term":[{"taxonomy":"category","embeddable":true,"href":"https:\/\/psgsuli.hu\/gimnazium\/wp-json\/wp\/v2\/categories?post=5601"},{"taxonomy":"post_tag","embeddable":true,"href":"https:\/\/psgsuli.hu\/gimnazium\/wp-json\/wp\/v2\/tags?post=5601"}],"curies":[{"name":"wp","href":"https:\/\/api.w.org\/{rel}","templated":true}]}}