{"id":3382,"date":"2020-06-14T16:53:46","date_gmt":"2020-06-14T16:53:46","guid":{"rendered":"https:\/\/psgsuli.hu\/gimnazium\/?p=3382"},"modified":"2020-06-14T16:53:46","modified_gmt":"2020-06-14T16:53:46","slug":"tehetseggondozas-20-eve","status":"publish","type":"post","link":"https:\/\/psgsuli.hu\/gimnazium\/2020\/06\/14\/tehetseggondozas-20-eve\/","title":{"rendered":"Tehets\u00e9ggondoz\u00e1s 20 \u00e9ve"},"content":{"rendered":"<h4><span style=\"font-family: verdana, geneva, sans-serif;color: #000000\">T\u00e1j\u00e9koztatlak benneteket arr\u00f3l is, hogy a j\u00e1rv\u00e1ny id\u0151szaka alatt, a MATEHETSZ oldal\u00e1n megjelent az a kisfilm-sorozat, mely programunk 20. \u00e9vfordul\u00f3ja alkalm\u00e1b\u00f3l k\u00e9sz\u00fclt el.<\/span><\/h4>\n<h4><span style=\"color: #0000ff\"><a style=\"color: #0000ff\" href=\"https:\/\/tehetseg.hu\/aktualis\/kisfilm-sorozat-keszult-20-eves-arany-janos-tehetseggondozo-programrol\"><span style=\"font-family: verdana, geneva, sans-serif\">https:\/\/tehetseg.hu\/aktualis\/kisfilm-sorozat-keszult-20-eves-arany-janos-tehetseggondozo-programrol<\/span><\/a><\/span><\/h4>\n","protected":false},"excerpt":{"rendered":"<p>T\u00e1j\u00e9koztatlak benneteket arr\u00f3l is, hogy a j\u00e1rv\u00e1ny id\u0151szaka alatt, a MATEHETSZ oldal\u00e1n megjelent az a kisfilm-sorozat, mely programunk 20. \u00e9vfordul\u00f3ja alkalm\u00e1b\u00f3l k\u00e9sz\u00fclt el. https:\/\/tehetseg.hu\/aktualis\/kisfilm-sorozat-keszult-20-eves-arany-janos-tehetseggondozo-programrol<\/p>\n","protected":false},"author":2,"featured_media":0,"comment_status":"closed","ping_status":"closed","sticky":false,"template":"","format":"standard","meta":{"footnotes":""},"categories":[27],"tags":[],"class_list":["post-3382","post","type-post","status-publish","format-standard","hentry","category-ajtp"],"_links":{"self":[{"href":"https:\/\/psgsuli.hu\/gimnazium\/wp-json\/wp\/v2\/posts\/3382","targetHints":{"allow":["GET"]}}],"collection":[{"href":"https:\/\/psgsuli.hu\/gimnazium\/wp-json\/wp\/v2\/posts"}],"about":[{"href":"https:\/\/psgsuli.hu\/gimnazium\/wp-json\/wp\/v2\/types\/post"}],"author":[{"embeddable":true,"href":"https:\/\/psgsuli.hu\/gimnazium\/wp-json\/wp\/v2\/users\/2"}],"replies":[{"embeddable":true,"href":"https:\/\/psgsuli.hu\/gimnazium\/wp-json\/wp\/v2\/comments?post=3382"}],"version-history":[{"count":1,"href":"https:\/\/psgsuli.hu\/gimnazium\/wp-json\/wp\/v2\/posts\/3382\/revisions"}],"predecessor-version":[{"id":3383,"href":"https:\/\/psgsuli.hu\/gimnazium\/wp-json\/wp\/v2\/posts\/3382\/revisions\/3383"}],"wp:attachment":[{"href":"https:\/\/psgsuli.hu\/gimnazium\/wp-json\/wp\/v2\/media?parent=3382"}],"wp:term":[{"taxonomy":"category","embeddable":true,"href":"https:\/\/psgsuli.hu\/gimnazium\/wp-json\/wp\/v2\/categories?post=3382"},{"taxonomy":"post_tag","embeddable":true,"href":"https:\/\/psgsuli.hu\/gimnazium\/wp-json\/wp\/v2\/tags?post=3382"}],"curies":[{"name":"wp","href":"https:\/\/api.w.org\/{rel}","templated":true}]}}