{"id":3325,"date":"2020-04-17T11:32:40","date_gmt":"2020-04-17T11:32:40","guid":{"rendered":"https:\/\/psgsuli.hu\/gimnazium\/?p=3325"},"modified":"2020-04-19T17:04:55","modified_gmt":"2020-04-19T17:04:55","slug":"kedves-vegzos-diakjaink","status":"publish","type":"post","link":"https:\/\/psgsuli.hu\/gimnazium\/2020\/04\/17\/kedves-vegzos-diakjaink\/","title":{"rendered":"Kedves V\u00e9gz\u0151s Di\u00e1kjaink!"},"content":{"rendered":"<h4><span style=\"font-family: verdana, geneva, sans-serif;color: #000000\"><strong>Megjelent a Korm\u00e1ny 119\/2020. (IV. 16.) Korm. rendelete a vesz\u00e9lyhelyzet sor\u00e1n AZ \u00c9RETTS\u00c9GI VIZSG\u00c1K 2020. M\u00c1JUS\u2013J\u00daNIUSI VIZSGAID\u0150SZAKBAN T\u00d6RT\u00c9N\u0150 MEGSZERVEZ\u00c9S\u00c9R\u0150L<\/strong><\/span><\/h4>\n<h4><span style=\"font-family: verdana, geneva, sans-serif;color: #000000\"><strong>Ennek 3. pontja sz\u00f3l az \u00e9retts\u00e9gi vizsgajelentkez\u00e9sekre vonatkoz\u00f3 k\u00fcl\u00f6n\u00f6s szab\u00e1lyokr\u00f3l <\/strong><\/span><\/h4>\n<h4><\/h4>\n<h4><span style=\"font-family: verdana, geneva, sans-serif;color: #000000\"><strong>A 4. \u00a7 <\/strong>(1) pontja szerint ebben a vizsgaid\u0151szakban <span style=\"color: #ff0000\"><strong>EL\u0150REHOZOTT<\/strong>, valamint \u00e9retts\u00e9gi bizony\u00edtv\u00e1ny megszerz\u00e9se el\u0151tti szintemel\u0151 \u00e9retts\u00e9gi vizsg\u00e1k megszervez\u00e9s\u00e9re <strong>NEM KER\u00dcL SOR!<\/strong><\/span> a beny\u00fajtott vizsgajelentkez\u00e9seket az Oktat\u00e1si Hivatal (a tov\u00e1bbiakban: Hivatal) t\u00f6rli, kiv\u00e9ve<\/span><\/h4>\n<h4><span style=\"font-family: verdana, geneva, sans-serif;color: #000000\">\u00a0\u00a0\u00a0\u00a0\u00a0 a) a Vizsgaszab\u00e1lyzat 12. \u00a7 (15) \u00e9s (16) bekezd\u00e9s\u00e9ben meghat\u00e1rozott vizsg\u00e1kat, valamint<\/span><\/h4>\n<h4><span style=\"font-family: verdana, geneva, sans-serif;color: #000000\">\u00a0\u00a0\u00a0\u00a0\u00a0 b) a k\u00f6z\u00e9piskola befejez\u0151 \u00e9vfolyam\u00e1n tanul\u00f3k szintemel\u0151 vizsg\u00e1it, amelyek megszervez\u00e9s\u00e9re \u00e9rv\u00e9nyes vizsgajelentkez\u00e9s eset\u00e9n sor ker\u00fcl.<\/span><\/h4>\n<h4><\/h4>\n<h4><span style=\"font-family: verdana, geneva, sans-serif;color: #ff0000\"><strong>(2) A vizsg\u00e1z\u00f3 k\u00e9rheti az elfogadott vizsgajelentkez\u00e9s\u00e9nek t\u00f6rl\u00e9s\u00e9t vagy megv\u00e1ltoztat\u00e1s\u00e1t<\/strong>, azzal, hogy<\/span><\/h4>\n<ol style=\"list-style-type: lower-alpha\">\n<li>\n<h4><span style=\"font-family: verdana, geneva, sans-serif;color: #000000\">a vizsg\u00e1z\u00f3 elfogadott vizsgajelentkez\u00e9s\u00e9t t\u00f6r\u00f6lni kell, ha a t\u00f6rl\u00e9st a vizsgajelentkez\u00e9s\u00e9t fogad\u00f3 k\u00f6z\u00e9piskol\u00e1n\u00e1l vagy korm\u00e1nyhivataln\u00e1l (a tov\u00e1bbiakban: fogad\u00f3 int\u00e9zm\u00e9ny) k\u00e9relmezi,<\/span><\/h4>\n<\/li>\n<li>\n<h4><span style=\"font-family: verdana, geneva, sans-serif;color: #000000\">a vizsg\u00e1z\u00f3 vizsgajelentkez\u00e9s\u00e9t a fogad\u00f3 int\u00e9zm\u00e9ny a vizsg\u00e1z\u00f3 k\u00e9relm\u00e9re emelt szintr\u0151l k\u00f6z\u00e9pszintre m\u00f3dos\u00edtja, <\/span><\/h4>\n<\/li>\n<li>\n<h4><span style=\"font-family: verdana, geneva, sans-serif;color: #000000\">a vizsg\u00e1z\u00f3 vizsgajelentkez\u00e9s\u00e9t a fogad\u00f3 int\u00e9zm\u00e9ny a vizsg\u00e1z\u00f3 k\u00e9relm\u00e9re \u2013 kiz\u00e1r\u00f3lag idegen nyelvb\u0151l \u2013 k\u00f6z\u00e9pszintr\u0151l emelt szintre m\u00f3dos\u00edtja.<\/span><\/h4>\n<\/li>\n<\/ol>\n<h4><span style=\"font-family: verdana, geneva, sans-serif;color: #000000\">(3) a vizsg\u00e1z\u00f3 vizsgajelentkez\u00e9s\u00e9t a fogad\u00f3 int\u00e9zm\u00e9ny a vizsg\u00e1z\u00f3 k\u00e9relm\u00e9re \u2013 kiz\u00e1r\u00f3lag idegen nyelvb\u0151l \u2013 k\u00f6z\u00e9pszintr\u0151l emelt szintre m\u00f3dos\u00edtja<\/span> <span style=\"font-family: verdana, geneva, sans-serif;color: #000000\"><br \/>\n<\/span><span style=\"font-family: verdana, geneva, sans-serif;color: #000000\">A vizsg\u00e1z\u00f3 a (3) bekezd\u00e9sben meghat\u00e1rozott k\u00e9relm\u00e9t a Hivatal honlapj\u00e1n erre a c\u00e9lra <strong>k\u00f6zz\u00e9tett formanyomtatv\u00e1nyon<\/strong> (<a style=\"color: #000000\" href=\"https:\/\/www.oktatas.hu\/kozneveles\/erettsegi\/2020tavaszi_vizsgaidoszak\/vizsgajelentkezes_modositasa\"><span style=\"color: #0000ff\">https:\/\/www.oktatas.hu\/kozneveles\/erettsegi\/2020tavaszi_vizsgaidoszak\/vizsgajelentkezes_modositasa<\/span><\/a>)a vizsgajelentkez\u00e9s\u00e9t <span style=\"color: #ff0000\">fogad\u00f3 <strong>int\u00e9zm\u00e9nyhez <\/strong><\/span>ny\u00fajthatja be. <\/span><\/h4>\n<h4><\/h4>\n<p>&nbsp;<\/p>\n<h4><span style=\"font-family: verdana, geneva, sans-serif;color: #000000\">A m\u00f3dos\u00edt\u00e1si k\u00e9relmet az <a href=\"mailto:igazgato@psgsuli.hu\"><span style=\"color: #0000ff\">igazgato@psgsuli.hu<\/span><\/a> email c\u00edmre k\u00fcldhetik el, valamint k\u00e9rj\u00fck, hogy a d\u00f6nt\u00e9s\u00fckr\u0151l az oszt\u00e1lyf\u0151n\u00f6k\u00fcknek is jelezz\u00e9k!<br \/>\n<\/span><\/h4>\n<h4><\/h4>\n<p>&nbsp;<\/p>\n<h4><span style=\"font-family: verdana, geneva, sans-serif;color: #000000\">(4) A (3) bekezd\u00e9sben meghat\u00e1rozott <span style=\"color: #ff0000\"><strong>k\u00e9relmet 2020. \u00e1prilis 21-ig <\/strong><\/span>lehet beny\u00fajtani<strong>. A hat\u00e1rid\u0151 elmulaszt\u00e1sa jogveszt\u0151.<\/strong> A k\u00e9relemmel kapcsolatos hi\u00e1nyp\u00f3tl\u00e1snak nincs helye.<\/span><\/h4>\n<h4><span style=\"font-family: verdana, geneva, sans-serif;color: #000000\">Aki nem k\u00edv\u00e1n m\u00f3dos\u00edtani a 2020. febru\u00e1r 15-ig leadott jelentkez\u00e9s\u00e9n, annak most nincs tennival\u00f3ja.<\/span><\/h4>\n<h4><span style=\"font-family: verdana, geneva, sans-serif;color: #000000\">Mez\u0151ber\u00e9ny, 2020. 04. 17.<\/span><\/h4>\n<p>&nbsp;<\/p>\n<h4><span style=\"font-family: verdana, geneva, sans-serif;color: #000000\">Dr. R\u00fcckn\u00e9 Mez\u0151 Gy\u00f6rgyi<\/span><\/h4>\n<h4><span style=\"font-family: verdana, geneva, sans-serif;color: #000000\">int\u00e9zm\u00e9nyvezet\u0151<\/span><\/h4>\n","protected":false},"excerpt":{"rendered":"<p>Megjelent a Korm\u00e1ny 119\/2020. (IV. 16.) Korm. rendelete a vesz\u00e9lyhelyzet sor\u00e1n AZ \u00c9RETTS\u00c9GI VIZSG\u00c1K 2020. M\u00c1JUS\u2013J\u00daNIUSI VIZSGAID\u0150SZAKBAN T\u00d6RT\u00c9N\u0150 MEGSZERVEZ\u00c9S\u00c9R\u0150L Ennek 3. pontja sz\u00f3l az \u00e9retts\u00e9gi vizsgajelentkez\u00e9sekre vonatkoz\u00f3 k\u00fcl\u00f6n\u00f6s szab\u00e1lyokr\u00f3l A 4. \u00a7 (1) pontja szerint ebben a vizsgaid\u0151szakban EL\u0150REHOZOTT, valamint \u00e9retts\u00e9gi bizony\u00edtv\u00e1ny megszerz\u00e9se el\u0151tti szintemel\u0151 \u00e9retts\u00e9gi vizsg\u00e1k megszervez\u00e9s\u00e9re NEM KER\u00dcL SOR! a beny\u00fajtott vizsgajelentkez\u00e9seket az [&hellip;]<\/p>\n","protected":false},"author":2,"featured_media":0,"comment_status":"closed","ping_status":"closed","sticky":false,"template":"","format":"standard","meta":{"footnotes":""},"categories":[30],"tags":[],"class_list":["post-3325","post","type-post","status-publish","format-standard","hentry","category-esemenyek-2019-2020"],"_links":{"self":[{"href":"https:\/\/psgsuli.hu\/gimnazium\/wp-json\/wp\/v2\/posts\/3325","targetHints":{"allow":["GET"]}}],"collection":[{"href":"https:\/\/psgsuli.hu\/gimnazium\/wp-json\/wp\/v2\/posts"}],"about":[{"href":"https:\/\/psgsuli.hu\/gimnazium\/wp-json\/wp\/v2\/types\/post"}],"author":[{"embeddable":true,"href":"https:\/\/psgsuli.hu\/gimnazium\/wp-json\/wp\/v2\/users\/2"}],"replies":[{"embeddable":true,"href":"https:\/\/psgsuli.hu\/gimnazium\/wp-json\/wp\/v2\/comments?post=3325"}],"version-history":[{"count":6,"href":"https:\/\/psgsuli.hu\/gimnazium\/wp-json\/wp\/v2\/posts\/3325\/revisions"}],"predecessor-version":[{"id":3331,"href":"https:\/\/psgsuli.hu\/gimnazium\/wp-json\/wp\/v2\/posts\/3325\/revisions\/3331"}],"wp:attachment":[{"href":"https:\/\/psgsuli.hu\/gimnazium\/wp-json\/wp\/v2\/media?parent=3325"}],"wp:term":[{"taxonomy":"category","embeddable":true,"href":"https:\/\/psgsuli.hu\/gimnazium\/wp-json\/wp\/v2\/categories?post=3325"},{"taxonomy":"post_tag","embeddable":true,"href":"https:\/\/psgsuli.hu\/gimnazium\/wp-json\/wp\/v2\/tags?post=3325"}],"curies":[{"name":"wp","href":"https:\/\/api.w.org\/{rel}","templated":true}]}}