{"id":2299,"date":"2019-12-19T10:55:47","date_gmt":"2019-12-19T10:55:47","guid":{"rendered":"https:\/\/psgsuli.hu\/gimnazium\/?p=2299"},"modified":"2019-12-19T10:55:47","modified_gmt":"2019-12-19T10:55:47","slug":"hauptsache-es-schmeckt-unser-ungarnaustausch-2019-2020","status":"publish","type":"post","link":"https:\/\/psgsuli.hu\/gimnazium\/2019\/12\/19\/hauptsache-es-schmeckt-unser-ungarnaustausch-2019-2020\/","title":{"rendered":"Hauptsache, es schmeckt! Unser Ungarnaustausch 2019\/2020"},"content":{"rendered":"<h4 style=\"text-align: justify\"><span style=\"font-family: verdana, geneva, sans-serif;color: #000000\">Dieses Jahr wurde der Sch\u00fcleraustausch zwischen Mez\u00f6ber\u00e9ny und Gronau nach kurzer Pause wieder fortgesetzt. 15 Sch\u00fclerinnen und Sch\u00fcler machten sich am 30.09.2019 nachts um 3 Uhr in Begleitung von Herrn H\u00f6lzenbein und Frau Walter auf den Weg nach Ungarn. Nach einer langen Reise, die gegen 12.30 Uhr in Mez\u00f6ber\u00e9ny endete, gab es erstmal Mittagessen.<!--more--><\/span><\/h4>\n<h4 style=\"text-align: justify\"><span style=\"font-family: verdana, geneva, sans-serif;color: #000000\">Trotz anf\u00e4nglichen Schwierigkeiten \u00fcbertraf die Gastfreundschaft alles und jeder ist froh dabei gewesen zu sein. Alle Beteiligten waren positiv \u00fcberrascht vom Essen, auch wenn wir nicht immer alles identifizieren konnten und bis heute nicht wissen, ob das, was wir gegessen haben, eine Linsensuppe war oder nicht\u2026<\/span><\/h4>\n<h4 style=\"text-align: justify\"><span style=\"font-family: verdana, geneva, sans-serif;color: #000000\">An den weiteren Tagen erwartete uns ein vielseitiges Programm: Eine Kutschfahrt mit anschlie\u00dfendem Reiten, das Erlernen eines Volkstanzes, eine Burgbesichtigung, bevor es in den Aquapark ging \u2014 der Spa\u00df stand immer an erster Stelle!<\/span><\/h4>\n<h4 style=\"text-align: justify\"><span style=\"font-family: verdana, geneva, sans-serif;color: #000000\">Vieles war f\u00fcr uns Deutsche neu, wie zum Beispiel das Internatsleben im Pet\u0151fi S\u00e1ndor Evang\u00e9likus Gimn\u00e1zium, was wir alle allerdings sehr interessant fanden. Am Wochenende ging jeder von uns mit zu seinem\/seiner Austauschsch\u00fcler\/in nach Hause, um das Leben au\u00dferhalb des Internats kennenzulernen.<\/span><\/h4>\n<h4 style=\"text-align: justify\"><span style=\"font-family: verdana, geneva, sans-serif;color: #000000\">Auch wenn manche stundenlang einen Parkplatz suchten oder in den Familien Verst\u00e4ndigungsschwierigkeiten hatten, so war das Wochenende f\u00fcr alle ziemlich gelungen.<\/span><\/h4>\n<h4 style=\"text-align: justify\"><span style=\"font-family: verdana, geneva, sans-serif;color: #000000\">Mit Aktivit\u00e4ten wie Zoobesuchen, Boot fahren, shoppen gehen, dem Besuch einer Schie\u00dfanlage und vielem mehr wurde uns wirklich viel geboten, sogar eine traditionelle Hochzeit wurde mitgefeiert. Die Zeit in Ungarn verging so schnell, dass wir gar nicht realisierten wieder im Bus nach Budapest zu sitzen. Nach einem kurzen Aufenthalt, der mit einer Stadtrundfahrt anfing und mit Speedshooping endete, r\u00fcckte der Abschied immer n\u00e4her. Wir bedanken uns bei Herrn H\u00f6lzenbein, Frau Walter und Frau Hofmann, die uns diesen Austausch m\u00f6glich gemacht haben und freuen uns jetzt schon auf den R\u00fcckbesuch.<\/span><\/h4>\n<h4 style=\"text-align: justify\"><span style=\"font-family: verdana, geneva, sans-serif;color: #000000\">Max-Lukas Kersting und Hanna Wenker, EF<\/span><\/h4>\n","protected":false},"excerpt":{"rendered":"<p>Dieses Jahr wurde der Sch\u00fcleraustausch zwischen Mez\u00f6ber\u00e9ny und Gronau nach kurzer Pause wieder fortgesetzt. 15 Sch\u00fclerinnen und Sch\u00fcler machten sich am 30.09.2019 nachts um 3 Uhr in Begleitung von Herrn H\u00f6lzenbein und Frau Walter auf den Weg nach Ungarn. Nach einer langen Reise, die gegen 12.30 Uhr in Mez\u00f6ber\u00e9ny endete, gab es erstmal Mittagessen.<\/p>\n","protected":false},"author":2,"featured_media":0,"comment_status":"closed","ping_status":"closed","sticky":false,"template":"","format":"standard","meta":{"footnotes":""},"categories":[30],"tags":[],"class_list":["post-2299","post","type-post","status-publish","format-standard","hentry","category-esemenyek-2019-2020"],"_links":{"self":[{"href":"https:\/\/psgsuli.hu\/gimnazium\/wp-json\/wp\/v2\/posts\/2299","targetHints":{"allow":["GET"]}}],"collection":[{"href":"https:\/\/psgsuli.hu\/gimnazium\/wp-json\/wp\/v2\/posts"}],"about":[{"href":"https:\/\/psgsuli.hu\/gimnazium\/wp-json\/wp\/v2\/types\/post"}],"author":[{"embeddable":true,"href":"https:\/\/psgsuli.hu\/gimnazium\/wp-json\/wp\/v2\/users\/2"}],"replies":[{"embeddable":true,"href":"https:\/\/psgsuli.hu\/gimnazium\/wp-json\/wp\/v2\/comments?post=2299"}],"version-history":[{"count":1,"href":"https:\/\/psgsuli.hu\/gimnazium\/wp-json\/wp\/v2\/posts\/2299\/revisions"}],"predecessor-version":[{"id":2300,"href":"https:\/\/psgsuli.hu\/gimnazium\/wp-json\/wp\/v2\/posts\/2299\/revisions\/2300"}],"wp:attachment":[{"href":"https:\/\/psgsuli.hu\/gimnazium\/wp-json\/wp\/v2\/media?parent=2299"}],"wp:term":[{"taxonomy":"category","embeddable":true,"href":"https:\/\/psgsuli.hu\/gimnazium\/wp-json\/wp\/v2\/categories?post=2299"},{"taxonomy":"post_tag","embeddable":true,"href":"https:\/\/psgsuli.hu\/gimnazium\/wp-json\/wp\/v2\/tags?post=2299"}],"curies":[{"name":"wp","href":"https:\/\/api.w.org\/{rel}","templated":true}]}}