{"id":1290,"date":"2019-06-04T17:52:41","date_gmt":"2019-06-04T17:52:41","guid":{"rendered":"https:\/\/psgsuli.hu\/gimnazium\/?p=1290"},"modified":"2019-06-04T17:52:41","modified_gmt":"2019-06-04T17:52:41","slug":"diaksport-egyesulet","status":"publish","type":"post","link":"https:\/\/psgsuli.hu\/gimnazium\/2019\/06\/04\/diaksport-egyesulet\/","title":{"rendered":"Di\u00e1ksport Egyes\u00fclet"},"content":{"rendered":"<h4><span style=\"font-family: verdana, geneva, sans-serif;color: #000000\">Mez\u0151ber\u00e9ny V\u00e1ros \u00d6nkorm\u00e1nyzata, \u00e1llami t\u00e1mogat\u00e1s, szponzori t\u00e1mogat\u00e1sok \u00e9s az SZJA 1%-os felaj\u00e1nl\u00e1sok.<\/span><\/h4>\n<h4><span style=\"font-family: verdana, geneva, sans-serif;color: #000000\">Ad\u00f3sz\u00e1ma: 18380606-1-04<\/span><\/h4>\n<h4><span style=\"font-family: verdana, geneva, sans-serif;color: #000000\">\u00c9vr\u0151l-\u00e9vre r\u00e9szt vesz\u00fcnk a Magyar Di\u00e1ksport Sz\u00f6vets\u00e9g \u00e1ltal rendezett Di\u00e1kolimpiai versenyrendszerben, egy\u00e9ni \u00e9s csapat sport\u00e1gakban.<\/span><\/h4>\n<h4><span style=\"font-family: verdana, geneva, sans-serif;color: #000000\">P\u00e1ly\u00e1zati p\u00e9nzb\u0151l t\u00f6bb alkalommal nevezt\u00fcnk be a Budapest Sportiroda \u00e1ltal megrendezett utcai fut\u00f3versenyekre.<\/span><\/h4>\n<h4><span style=\"font-family: verdana, geneva, sans-serif;color: #000000\">Rendszeresen r\u00e9szt vesz\u00fcnk a b\u00e9k\u00e9si Madzagfalvi fut\u00e1son, valamint a B\u00e9k\u00e9scsab\u00e1n megrendez\u00e9sre ker\u00fcl\u0151 fut\u00f3versenyeken.<\/span><\/h4>\n<h4><span style=\"font-family: verdana, geneva, sans-serif;color: #000000\"><strong>Edz\u00e9sek az al\u00e1bbi sport\u00e1gakban vannak:<\/strong><\/span><\/h4>\n<ul>\n<li>\n<h4><span style=\"font-family: verdana, geneva, sans-serif;color: #000000\">Kos\u00e1rlabda (fi\u00fa)<\/span><\/h4>\n<\/li>\n<li>\n<h4><span style=\"font-family: verdana, geneva, sans-serif;color: #000000\">Kos\u00e1rlabda (le\u00e1ny)<\/span><\/h4>\n<\/li>\n<li>\n<h4><span style=\"font-family: verdana, geneva, sans-serif;color: #000000\">K\u00e9zilabda (fi\u00fa &#8211; le\u00e1ny)<\/span><\/h4>\n<\/li>\n<li>\n<h4><span style=\"font-family: verdana, geneva, sans-serif;color: #000000\">Tenisz (fi\u00fa &#8211; le\u00e1ny)<\/span><\/h4>\n<\/li>\n<\/ul>\n<h4><span style=\"font-family: verdana, geneva, sans-serif;color: #000000\">T\u00f6megsport keret\u00e9ben lehet\u0151s\u00e9g van a kondicion\u00e1l\u00f3 terem haszn\u00e1lat\u00e1ra.<\/span><\/h4>\n<h4><span style=\"font-family: verdana, geneva, sans-serif;color: #000000\">H\u00e1zibajnoks\u00e1gok: foci, kos\u00e1rlabda, r\u00f6plabda, fekvenyom\u00e1s, asztalitenisz, street-ball.<\/span><\/h4>\n<h4><span style=\"font-family: verdana, geneva, sans-serif;color: #000000\">\u00c9vente szervez\u00fcnk s\u00edt\u00e1bort \u00e9s v\u00edzit\u00far\u00e1t.<\/span><\/h4>\n<h4><span style=\"font-family: verdana, geneva, sans-serif;color: #000000\"><strong>T\u00e1rgyi felszerelts\u00e9g\u00fcnk:<\/strong><\/span><\/h4>\n<ul>\n<li>\n<h4><span style=\"font-family: verdana, geneva, sans-serif;color: #000000\">18&#215;36 m\u00e9teres tornaterem<\/span><\/h4>\n<\/li>\n<li>\n<h4><span style=\"font-family: verdana, geneva, sans-serif;color: #000000\">Aerobik terem\u00a0 (szteppadokkal, \u201en\u0151i\u201d kondig\u00e9pekkel \u00e9s SpinRacing-ker\u00e9kp\u00e1rokkal)<\/span><\/h4>\n<\/li>\n<li>\n<h4><span style=\"font-family: verdana, geneva, sans-serif;color: #000000\">Kondicion\u00e1l\u00f3 terem<\/span><\/h4>\n<\/li>\n<li>\n<h4><span style=\"font-family: verdana, geneva, sans-serif;color: #000000\">Salakos k\u00e9zilabda p\u00e1lya<\/span><\/h4>\n<\/li>\n<li>\n<h4><span style=\"font-family: verdana, geneva, sans-serif;color: #000000\">Street-ball p\u00e1lya<\/span><\/h4>\n<\/li>\n<\/ul>\n<h4><span style=\"font-family: verdana, geneva, sans-serif;color: #000000\"><strong>A DSE eln\u00f6ke:<\/strong> Szugyiczkin\u00e9 Balogh Edit<\/span><\/h4>\n<h4><span style=\"font-family: verdana, geneva, sans-serif;color: #000000\"><strong>A foglalkoz\u00e1sokat vezetik:<\/strong><\/span><\/h4>\n<h4><span style=\"font-family: verdana, geneva, sans-serif;color: #000000\">Szil\u00e1gyi Zsuzsa: le\u00e1ny \u00e9s fi\u00fa k\u00e9zilabda<\/span><br \/>\n<span style=\"font-family: verdana, geneva, sans-serif;color: #000000\">Dr. Bauk\u00f3n\u00e9 Baksai Edit: s\u00edt\u00e1bor \u00e9s v\u00edzit\u00fara<\/span><br \/>\n<span style=\"font-family: verdana, geneva, sans-serif;color: #000000\">Kecskem\u00e9ti Gizella \u00e9s Szugyiczki J\u00e1nos: le\u00e1ny kos\u00e1rlabda<\/span><br \/>\n<span style=\"font-family: verdana, geneva, sans-serif;color: #000000\">Hidasi L\u00e1szl\u00f3: fi\u00fa kos\u00e1rlabda, tenisz, s\u00edt\u00e1bor \u00e9s v\u00edzit\u00fara<\/span><\/h4>\n","protected":false},"excerpt":{"rendered":"<p>Mez\u0151ber\u00e9ny V\u00e1ros \u00d6nkorm\u00e1nyzata, \u00e1llami t\u00e1mogat\u00e1s, szponzori t\u00e1mogat\u00e1sok \u00e9s az SZJA 1%-os felaj\u00e1nl\u00e1sok. Ad\u00f3sz\u00e1ma: 18380606-1-04 \u00c9vr\u0151l-\u00e9vre r\u00e9szt vesz\u00fcnk a Magyar Di\u00e1ksport Sz\u00f6vets\u00e9g \u00e1ltal rendezett Di\u00e1kolimpiai versenyrendszerben, egy\u00e9ni \u00e9s csapat sport\u00e1gakban. P\u00e1ly\u00e1zati p\u00e9nzb\u0151l t\u00f6bb alkalommal nevezt\u00fcnk be a Budapest Sportiroda \u00e1ltal megrendezett utcai fut\u00f3versenyekre. Rendszeresen r\u00e9szt vesz\u00fcnk a b\u00e9k\u00e9si Madzagfalvi fut\u00e1son, valamint a B\u00e9k\u00e9scsab\u00e1n megrendez\u00e9sre ker\u00fcl\u0151 fut\u00f3versenyeken. [&hellip;]<\/p>\n","protected":false},"author":2,"featured_media":0,"comment_status":"closed","ping_status":"closed","sticky":false,"template":"","format":"standard","meta":{"footnotes":""},"categories":[29],"tags":[],"class_list":["post-1290","post","type-post","status-publish","format-standard","hentry","category-dse"],"_links":{"self":[{"href":"https:\/\/psgsuli.hu\/gimnazium\/wp-json\/wp\/v2\/posts\/1290","targetHints":{"allow":["GET"]}}],"collection":[{"href":"https:\/\/psgsuli.hu\/gimnazium\/wp-json\/wp\/v2\/posts"}],"about":[{"href":"https:\/\/psgsuli.hu\/gimnazium\/wp-json\/wp\/v2\/types\/post"}],"author":[{"embeddable":true,"href":"https:\/\/psgsuli.hu\/gimnazium\/wp-json\/wp\/v2\/users\/2"}],"replies":[{"embeddable":true,"href":"https:\/\/psgsuli.hu\/gimnazium\/wp-json\/wp\/v2\/comments?post=1290"}],"version-history":[{"count":1,"href":"https:\/\/psgsuli.hu\/gimnazium\/wp-json\/wp\/v2\/posts\/1290\/revisions"}],"predecessor-version":[{"id":1291,"href":"https:\/\/psgsuli.hu\/gimnazium\/wp-json\/wp\/v2\/posts\/1290\/revisions\/1291"}],"wp:attachment":[{"href":"https:\/\/psgsuli.hu\/gimnazium\/wp-json\/wp\/v2\/media?parent=1290"}],"wp:term":[{"taxonomy":"category","embeddable":true,"href":"https:\/\/psgsuli.hu\/gimnazium\/wp-json\/wp\/v2\/categories?post=1290"},{"taxonomy":"post_tag","embeddable":true,"href":"https:\/\/psgsuli.hu\/gimnazium\/wp-json\/wp\/v2\/tags?post=1290"}],"curies":[{"name":"wp","href":"https:\/\/api.w.org\/{rel}","templated":true}]}}