{"id":12232,"date":"2026-04-26T20:59:51","date_gmt":"2026-04-26T20:59:51","guid":{"rendered":"https:\/\/psgsuli.hu\/gimnazium\/?p=12232"},"modified":"2026-04-26T21:00:05","modified_gmt":"2026-04-26T21:00:05","slug":"diak-vallalkozoink-sikere","status":"publish","type":"post","link":"https:\/\/psgsuli.hu\/gimnazium\/2026\/04\/26\/diak-vallalkozoink-sikere\/","title":{"rendered":"Di\u00e1k v\u00e1llalkoz\u00f3ink sikere"},"content":{"rendered":"<h3 style=\"text-align: justify;\"><span style=\"font-family: verdana, geneva, sans-serif; color: #000000;\">Id\u00e9n 16. alkalommal szervezt\u00e9k meg Egerben az AJTP tanul\u00f3i sz\u00e1m\u00e1ra az Orsz\u00e1gos Di\u00e1k V\u00e1llalkoz\u00f3k Verseny\u00e9t, ahol iskol\u00e1nk csapata 1. helyez\u00e9st \u00e9rt el.<\/span><\/h3>\n<h3 style=\"text-align: justify;\"><span style=\"font-family: verdana, geneva, sans-serif; color: #000000;\">Az idei megm\u00e9rettet\u00e9s \u00faj hagyom\u00e1nyt is teremtett, ugyanis a h\u00e1rom fordul\u00f3s taktikai versenyen k\u00edv\u00fcl a di\u00e1kok alkotta Kft. sz\u00e1m\u00e1ra sz\u00e1m\u00edt\u00f3g\u00e9pes grafik\u00e1val log\u00f3t is kellett tervezni. Nagyon b\u00fcszk\u00e9k vagyunk r\u00e1, hogy ebben a kateg\u00f3ri\u00e1ban is siker\u00fclt az arany\u00e9rmet elhoznunk.<\/span><\/h3>\n<h3 style=\"text-align: justify;\"><span style=\"font-family: verdana, geneva, sans-serif; color: #000000;\">A verseny sor\u00e1n di\u00e1kjaink v\u00e9gig az \u00e9len \u00e1lltak, rangos iskol\u00e1k alkotta mez\u0151nyben siker\u00fclt ezeket a remek eredm\u00e9nyeket el\u00e9rni\u00fck. A szervez\u0151k a sok szakmai ismeretet ny\u00fajt\u00f3 versenyen fel\u00fcl v\u00e1ltozatos szabadid\u0151s programokat is szerveztek a r\u00e9szt vev\u0151 di\u00e1koknak \u00e9s pedag\u00f3gusoknak.<\/span><\/h3>\n<h3 style=\"text-align: justify;\"><span style=\"font-family: verdana, geneva, sans-serif; color: #000000;\">A csapat tagjai: Hornok Imre J\u00e1nos \u00e9s Varga P\u00e9ter G\u00e9za, 9.D oszt\u00e1lyos di\u00e1kok, valamint B\u00e1lint R\u00e9ka \u00e9s T\u00f3th K\u00edra Fanni, 11.D oszt\u00e1lyos tanul\u00f3k.<\/span><\/h3>\n<h3 style=\"text-align: justify;\"><span style=\"font-family: verdana, geneva, sans-serif; color: #000000;\">Felk\u00e9sz\u00edt\u0151 \u00e9s k\u00eds\u00e9r\u0151 tan\u00e1r: Moln\u00e1r Zita.<\/span><\/h3>\n<p><img loading=\"lazy\" decoding=\"async\" class=\"alignnone size-large wp-image-12234\" src=\"https:\/\/psgsuli.hu\/gimnazium\/wp-content\/uploads\/sites\/3\/2026\/04\/Eredmenyhirdetes1-1024x577.jpg\" alt=\"\" width=\"640\" height=\"361\" srcset=\"https:\/\/psgsuli.hu\/gimnazium\/wp-content\/uploads\/sites\/3\/2026\/04\/Eredmenyhirdetes1-1024x577.jpg 1024w, https:\/\/psgsuli.hu\/gimnazium\/wp-content\/uploads\/sites\/3\/2026\/04\/Eredmenyhirdetes1-300x169.jpg 300w, https:\/\/psgsuli.hu\/gimnazium\/wp-content\/uploads\/sites\/3\/2026\/04\/Eredmenyhirdetes1-768x432.jpg 768w, https:\/\/psgsuli.hu\/gimnazium\/wp-content\/uploads\/sites\/3\/2026\/04\/Eredmenyhirdetes1-1536x865.jpg 1536w, https:\/\/psgsuli.hu\/gimnazium\/wp-content\/uploads\/sites\/3\/2026\/04\/Eredmenyhirdetes1-2048x1153.jpg 2048w\" sizes=\"auto, (max-width: 640px) 100vw, 640px\" \/><\/p>\n<p><img loading=\"lazy\" decoding=\"async\" class=\"alignnone size-large wp-image-12233\" src=\"https:\/\/psgsuli.hu\/gimnazium\/wp-content\/uploads\/sites\/3\/2026\/04\/Oklevelek-1024x685.jpg\" alt=\"\" width=\"640\" height=\"428\" srcset=\"https:\/\/psgsuli.hu\/gimnazium\/wp-content\/uploads\/sites\/3\/2026\/04\/Oklevelek-1024x685.jpg 1024w, https:\/\/psgsuli.hu\/gimnazium\/wp-content\/uploads\/sites\/3\/2026\/04\/Oklevelek-300x201.jpg 300w, https:\/\/psgsuli.hu\/gimnazium\/wp-content\/uploads\/sites\/3\/2026\/04\/Oklevelek-768x514.jpg 768w, https:\/\/psgsuli.hu\/gimnazium\/wp-content\/uploads\/sites\/3\/2026\/04\/Oklevelek-1536x1027.jpg 1536w, https:\/\/psgsuli.hu\/gimnazium\/wp-content\/uploads\/sites\/3\/2026\/04\/Oklevelek-2048x1370.jpg 2048w\" sizes=\"auto, (max-width: 640px) 100vw, 640px\" \/><\/p>\n","protected":false},"excerpt":{"rendered":"<p>Id\u00e9n 16. alkalommal szervezt\u00e9k meg Egerben az AJTP tanul\u00f3i sz\u00e1m\u00e1ra az Orsz\u00e1gos Di\u00e1k V\u00e1llalkoz\u00f3k Verseny\u00e9t, ahol iskol\u00e1nk csapata 1. helyez\u00e9st \u00e9rt el. Az idei megm\u00e9rettet\u00e9s \u00faj hagyom\u00e1nyt is teremtett, ugyanis a h\u00e1rom fordul\u00f3s taktikai versenyen k\u00edv\u00fcl a di\u00e1kok alkotta Kft. sz\u00e1m\u00e1ra sz\u00e1m\u00edt\u00f3g\u00e9pes grafik\u00e1val log\u00f3t is kellett tervezni. Nagyon b\u00fcszk\u00e9k vagyunk r\u00e1, hogy ebben a kateg\u00f3ri\u00e1ban [&hellip;]<\/p>\n","protected":false},"author":2,"featured_media":12235,"comment_status":"closed","ping_status":"closed","sticky":false,"template":"","format":"standard","meta":{"footnotes":""},"categories":[50],"tags":[],"class_list":["post-12232","post","type-post","status-publish","format-standard","has-post-thumbnail","hentry","category-esemenyek-2025-2026"],"_links":{"self":[{"href":"https:\/\/psgsuli.hu\/gimnazium\/wp-json\/wp\/v2\/posts\/12232","targetHints":{"allow":["GET"]}}],"collection":[{"href":"https:\/\/psgsuli.hu\/gimnazium\/wp-json\/wp\/v2\/posts"}],"about":[{"href":"https:\/\/psgsuli.hu\/gimnazium\/wp-json\/wp\/v2\/types\/post"}],"author":[{"embeddable":true,"href":"https:\/\/psgsuli.hu\/gimnazium\/wp-json\/wp\/v2\/users\/2"}],"replies":[{"embeddable":true,"href":"https:\/\/psgsuli.hu\/gimnazium\/wp-json\/wp\/v2\/comments?post=12232"}],"version-history":[{"count":2,"href":"https:\/\/psgsuli.hu\/gimnazium\/wp-json\/wp\/v2\/posts\/12232\/revisions"}],"predecessor-version":[{"id":12237,"href":"https:\/\/psgsuli.hu\/gimnazium\/wp-json\/wp\/v2\/posts\/12232\/revisions\/12237"}],"wp:featuredmedia":[{"embeddable":true,"href":"https:\/\/psgsuli.hu\/gimnazium\/wp-json\/wp\/v2\/media\/12235"}],"wp:attachment":[{"href":"https:\/\/psgsuli.hu\/gimnazium\/wp-json\/wp\/v2\/media?parent=12232"}],"wp:term":[{"taxonomy":"category","embeddable":true,"href":"https:\/\/psgsuli.hu\/gimnazium\/wp-json\/wp\/v2\/categories?post=12232"},{"taxonomy":"post_tag","embeddable":true,"href":"https:\/\/psgsuli.hu\/gimnazium\/wp-json\/wp\/v2\/tags?post=12232"}],"curies":[{"name":"wp","href":"https:\/\/api.w.org\/{rel}","templated":true}]}}