{"id":6921,"date":"2025-05-10T15:43:44","date_gmt":"2025-05-10T15:43:44","guid":{"rendered":"https:\/\/psgsuli.hu\/altalanos\/?p=6921"},"modified":"2025-05-10T15:43:44","modified_gmt":"2025-05-10T15:43:44","slug":"madarak-es-fak-napja","status":"publish","type":"post","link":"https:\/\/psgsuli.hu\/altalanos\/2025\/05\/10\/madarak-es-fak-napja\/","title":{"rendered":"Madarak \u00e9s F\u00e1k Napja"},"content":{"rendered":"<h4><span style=\"font-family: verdana, geneva, sans-serif;color: #000000\">Idei tan\u00e9vben is csatlakoztunk a nemzetk\u00f6zi erdei dalos tal\u00e1lkoz\u00f3hoz als\u00f3 \u00e9vfolyamos di\u00e1kjainkkal.<\/span><\/h4>\n<h4><span style=\"font-family: verdana, geneva, sans-serif;color: #000000\">\u00cdgy mondtunk k\u00f6sz\u00f6netet az erd\u0151nek az\u00e9rt a sok csod\u00e1\u00e9rt, amit T\u0151le kapunk.<\/span><\/h4>\n<h4><span style=\"font-family: verdana, geneva, sans-serif;color: #000000\"><!--more--><\/span><\/h4>\n<h4><\/h4>\n<h4><span style=\"font-family: verdana, geneva, sans-serif;color: #000000\">Besz\u00e9lj\u00fcnk t\u00f6bbet a f\u00e1kr\u00f3l,<\/span><\/h4>\n<h4><span style=\"font-family: verdana, geneva, sans-serif;color: #000000\">mert \u00e9let van benn\u00fck:<\/span><\/h4>\n<h4><span style=\"font-family: verdana, geneva, sans-serif;color: #000000\">\u00e9lelem, otthon \u00e9s \u00e9vszakok.<\/span><\/h4>\n<h4><span style=\"font-family: verdana, geneva, sans-serif;color: #000000\">Ha \u0151ket csak \u00e9lni,<\/span><\/h4>\n<h4><span style=\"font-family: verdana, geneva, sans-serif;color: #000000\">magukt\u00f3l n\u0151ni hagyod,<\/span><\/h4>\n<h4><span style=\"font-family: verdana, geneva, sans-serif;color: #000000\">az m\u00e1r \u00f6nmag\u00e1ban<\/span><\/h4>\n<h4><span style=\"font-family: verdana, geneva, sans-serif;color: #000000\">a legnagyszer\u0171bb dolog.<\/span><\/h4>\n<h4><span style=\"font-family: verdana, geneva, sans-serif;color: #000000\">Kaisa Happonen<\/span><\/h4>\n<h4><\/h4>\n<h4><span style=\"font-family: verdana, geneva, sans-serif;color: #000000\">K\u00f6sz\u00f6nj\u00fck az Erd\u0151 Aj\u00e1nd\u00e9ka Erdei Iskola \u00e9s Alap\u00edtv\u00e1nynak a kezdem\u00e9nyez\u00e9st!<\/span><\/h4>\n<h4><span style=\"font-family: verdana, geneva, sans-serif;color: #000000\">#\u00c9nekAzErd\u0151ben #Madarak\u00c9sF\u00e1kNapja #Zene\u00c9sTerm\u00e9szet #Erd\u0151 #K\u00f6sz\u00f6net #dalostal\u00e1lkoz\u00f32025 #psgmez\u0151ber\u00e9ny<\/span><\/h4>\n<p>&nbsp;<\/p>\n","protected":false},"excerpt":{"rendered":"<p>Idei tan\u00e9vben is csatlakoztunk a nemzetk\u00f6zi erdei dalos tal\u00e1lkoz\u00f3hoz als\u00f3 \u00e9vfolyamos di\u00e1kjainkkal. \u00cdgy mondtunk k\u00f6sz\u00f6netet az erd\u0151nek az\u00e9rt a sok csod\u00e1\u00e9rt, amit T\u0151le kapunk.<\/p>\n","protected":false},"author":2,"featured_media":6923,"comment_status":"closed","ping_status":"closed","sticky":false,"template":"","format":"standard","meta":{"footnotes":""},"categories":[20],"tags":[],"class_list":["post-6921","post","type-post","status-publish","format-standard","has-post-thumbnail","hentry","category-esemenyek-2024-2025"],"_links":{"self":[{"href":"https:\/\/psgsuli.hu\/altalanos\/wp-json\/wp\/v2\/posts\/6921","targetHints":{"allow":["GET"]}}],"collection":[{"href":"https:\/\/psgsuli.hu\/altalanos\/wp-json\/wp\/v2\/posts"}],"about":[{"href":"https:\/\/psgsuli.hu\/altalanos\/wp-json\/wp\/v2\/types\/post"}],"author":[{"embeddable":true,"href":"https:\/\/psgsuli.hu\/altalanos\/wp-json\/wp\/v2\/users\/2"}],"replies":[{"embeddable":true,"href":"https:\/\/psgsuli.hu\/altalanos\/wp-json\/wp\/v2\/comments?post=6921"}],"version-history":[{"count":1,"href":"https:\/\/psgsuli.hu\/altalanos\/wp-json\/wp\/v2\/posts\/6921\/revisions"}],"predecessor-version":[{"id":6924,"href":"https:\/\/psgsuli.hu\/altalanos\/wp-json\/wp\/v2\/posts\/6921\/revisions\/6924"}],"wp:featuredmedia":[{"embeddable":true,"href":"https:\/\/psgsuli.hu\/altalanos\/wp-json\/wp\/v2\/media\/6923"}],"wp:attachment":[{"href":"https:\/\/psgsuli.hu\/altalanos\/wp-json\/wp\/v2\/media?parent=6921"}],"wp:term":[{"taxonomy":"category","embeddable":true,"href":"https:\/\/psgsuli.hu\/altalanos\/wp-json\/wp\/v2\/categories?post=6921"},{"taxonomy":"post_tag","embeddable":true,"href":"https:\/\/psgsuli.hu\/altalanos\/wp-json\/wp\/v2\/tags?post=6921"}],"curies":[{"name":"wp","href":"https:\/\/api.w.org\/{rel}","templated":true}]}}