{"id":6917,"date":"2025-04-02T09:36:10","date_gmt":"2025-04-02T09:36:10","guid":{"rendered":"https:\/\/psgsuli.hu\/altalanos\/?p=6917"},"modified":"2025-04-02T09:36:10","modified_gmt":"2025-04-02T09:36:10","slug":"altalanos-iskolai-beiratkozas-3","status":"publish","type":"post","link":"https:\/\/psgsuli.hu\/altalanos\/2025\/04\/02\/altalanos-iskolai-beiratkozas-3\/","title":{"rendered":"\u00c1ltal\u00e1nos iskolai beiratkoz\u00e1s"},"content":{"rendered":"<h4><img loading=\"lazy\" decoding=\"async\" class=\"aligncenter size-full wp-image-6918\" src=\"https:\/\/psgsuli.hu\/altalanos\/wp-content\/uploads\/sites\/2\/2025\/04\/fejl\u00e9c.jpg\" alt=\"\" width=\"799\" height=\"178\" srcset=\"https:\/\/psgsuli.hu\/altalanos\/wp-content\/uploads\/sites\/2\/2025\/04\/fejl\u00e9c.jpg 799w, https:\/\/psgsuli.hu\/altalanos\/wp-content\/uploads\/sites\/2\/2025\/04\/fejl\u00e9c-300x67.jpg 300w, https:\/\/psgsuli.hu\/altalanos\/wp-content\/uploads\/sites\/2\/2025\/04\/fejl\u00e9c-768x171.jpg 768w\" sizes=\"auto, (max-width: 799px) 100vw, 799px\" \/><\/h4>\n<h4><\/h4>\n<h4><span style=\"font-family: verdana, geneva, sans-serif;color: #ff0000\"><strong>\u00c1ltal\u00e1nos iskolai beiratkoz\u00e1s<\/strong><\/span><\/h4>\n<h4><span style=\"font-family: verdana, geneva, sans-serif\"><strong>\u00a0<\/strong><\/span><\/h4>\n<h4><\/h4>\n<h4><span style=\"font-family: verdana, geneva, sans-serif\"><strong>Helysz\u00edn : Gimn\u00e1zium \u00e9p\u00fclete \u00a0(Mb. Pet\u0151fi \u00fat 13-15.)<\/strong><\/span><\/h4>\n<h4><span style=\"font-family: verdana, geneva, sans-serif\"><strong>\u00a0<\/strong><\/span><\/h4>\n<h4><span style=\"font-family: verdana, geneva, sans-serif\"><strong>Id\u0151pont: \u00a0\u00a0\u00a0 2025. \u00e1prilis 10. 8.00 &#8211; 16.00<\/strong><\/span><\/h4>\n<h4><span style=\"font-family: verdana, geneva, sans-serif\"><strong>\u00a0\u00a0\u00a0\u00a0\u00a0\u00a0\u00a0\u00a0\u00a0\u00a0\u00a0\u00a0\u00a0\u00a0\u00a0\u00a0\u00a0\u00a0\u00a0 2025. \u00e1prilis 11. 8.00 &#8211; 16.00<\/strong><\/span><\/h4>\n<h4><\/h4>\n<h4><span style=\"font-family: verdana, geneva, sans-serif\"><strong>V\u00e1rjuk leend\u0151 kis tanul\u00f3ink beiratkoz\u00e1s\u00e1t!<\/strong><\/span><\/h4>\n<h4><\/h4>\n<h4><span style=\"font-family: verdana, geneva, sans-serif;color: #ff0000\"><strong>K\u00e9rj\u00fck az el\u0151zetes sz\u00e1nd\u00e9knyilatkozatot kit\u00f6lt\u0151 gyermekek sz\u00fcleit, hogy al\u00e1\u00edr\u00e1sukkal tegy\u00e9k v\u00e9glegess\u00e9 a beiratkoz\u00e1st!<\/strong><\/span><\/h4>\n<h4><span style=\"font-family: verdana, geneva, sans-serif\"><strong>\u00a0<\/strong><\/span><\/h4>\n<h4><span style=\"font-family: verdana, geneva, sans-serif\"><u>A beiratkoz\u00e1shoz kapcsol\u00f3d\u00f3an az al\u00e1bbi dokumentumokra van sz\u00fcks\u00e9g &#8211; amennyiben nem t\u00f6lt\u00f6tte ki az el\u0151zetes\u00a0 sz\u00e1nd\u00e9knyilatkozatot: <\/u><\/span><\/h4>\n<ul>\n<li>\n<h4><span style=\"font-family: verdana, geneva, sans-serif\">a gyermek szem\u00e9lyazonoss\u00e1g\u00e1t igazol\u00f3 hat\u00f3s\u00e1gi igazolv\u00e1ny<\/span><\/h4>\n<\/li>\n<li>\n<h4><span style=\"font-family: verdana, geneva, sans-serif\">a gyermek sz\u00fclet\u00e9si anyak\u00f6nyvi kivonata<\/span><\/h4>\n<\/li>\n<li>\n<h4><span style=\"font-family: verdana, geneva, sans-serif\">a gyermek oktat\u00e1si azonos\u00edt\u00f3 sz\u00e1ma.<\/span><\/h4>\n<\/li>\n<li>\n<h4><span style=\"font-family: verdana, geneva, sans-serif\">a gyermek nev\u00e9re ki\u00e1ll\u00edtott taj k\u00e1rtya<\/span><\/h4>\n<\/li>\n<li>\n<h4><span style=\"font-family: verdana, geneva, sans-serif\">a gyermek nev\u00e9re ki\u00e1ll\u00edtott lakc\u00edmet igazol\u00f3 hat\u00f3s\u00e1gi igazolv\u00e1ny<\/span><\/h4>\n<\/li>\n<li>\n<h4><span style=\"font-family: verdana, geneva, sans-serif\">nyilatkozat a k\u00f6z\u00f6s sz\u00fcl\u0151i fel\u00fcgyeleti jog gyakorl\u00e1s\u00e1ra vonatkoz\u00f3an<\/span><\/h4>\n<\/li>\n<li>\n<h4><span style=\"font-family: verdana, geneva, sans-serif\">rendszeres gyermekv\u00e9delmi kedvezm\u00e9nyr\u0151l, h\u00e1tr\u00e1nyos helyzetr\u0151l, illetve halmozottan h\u00e1tr\u00e1nyos helyzetr\u0151l sz\u00f3l\u00f3 jegyz\u0151i hat\u00e1rozat (\u00f6nk\u00e9ntes bemutat\u00e1s)<\/span><\/h4>\n<\/li>\n<\/ul>\n<h4><\/h4>\n<h4><span style=\"font-family: verdana, geneva, sans-serif\">A sz\u00fcl\u0151nek a beiratkoz\u00e1s napj\u00e1n szem\u00e9lyesen meg kell jelennie az int\u00e9zm\u00e9nyben \u00e9s a beiratkoz\u00e1shoz sz\u00fcks\u00e9ges dokumentumok, nyilatkozatok eredeti p\u00e9ld\u00e1ny\u00e1t be kell mutatni.<\/span><\/h4>\n<h4><\/h4>\n<h4><\/h4>\n<h4><\/h4>\n<h4><\/h4>\n<h4><span style=\"font-family: verdana, geneva, sans-serif\">Mez\u0151ber\u00e9ny, 2025. 04. 02. \u00a0\u00a0\u00a0\u00a0\u00a0\u00a0\u00a0\u00a0\u00a0\u00a0\u00a0\u00a0\u00a0\u00a0\u00a0\u00a0\u00a0\u00a0\u00a0\u00a0\u00a0\u00a0\u00a0\u00a0\u00a0\u00a0\u00a0\u00a0\u00a0\u00a0\u00a0\u00a0\u00a0\u00a0\u00a0\u00a0\u00a0\u00a0\u00a0\u00a0\u00a0\u00a0\u00a0\u00a0\u00a0\u00a0\u00a0\u00a0\u00a0\u00a0 \u00a0\u00a0\u00a0\u00a0\u00a0\u00a0\u00a0\u00a0\u00a0\u00a0\u00a0\u00a0\u00a0\u00a0\u00a0 Hugyecz Hajnalka<\/span><\/h4>\n<h4><span style=\"font-family: verdana, geneva, sans-serif\">\u00a0\u00a0\u00a0\u00a0\u00a0\u00a0\u00a0\u00a0\u00a0\u00a0\u00a0\u00a0\u00a0\u00a0\u00a0\u00a0\u00a0\u00a0\u00a0\u00a0\u00a0\u00a0\u00a0\u00a0\u00a0\u00a0\u00a0\u00a0\u00a0\u00a0\u00a0\u00a0\u00a0\u00a0\u00a0\u00a0\u00a0\u00a0\u00a0\u00a0\u00a0\u00a0\u00a0\u00a0\u00a0\u00a0\u00a0\u00a0\u00a0\u00a0\u00a0\u00a0\u00a0\u00a0\u00a0\u00a0\u00a0\u00a0\u00a0\u00a0\u00a0\u00a0\u00a0\u00a0\u00a0\u00a0\u00a0\u00a0\u00a0\u00a0\u00a0\u00a0\u00a0\u00a0\u00a0\u00a0\u00a0\u00a0\u00a0\u00a0\u00a0\u00a0\u00a0\u00a0\u00a0\u00a0\u00a0\u00a0\u00a0\u00a0\u00a0\u00a0\u00a0\u00a0\u00a0\u00a0\u00a0\u00a0\u00a0\u00a0\u00a0\u00a0\u00a0\u00a0\u00a0\u00a0\u00a0\u00a0\u00a0\u00a0\u00a0\u00a0\u00a0\u00a0\u00a0\u00a0\u00a0<\/span><\/h4>\n<h4><span style=\"font-family: verdana, geneva, sans-serif\">A 32\/2024. (VIII. 8.) BM rendelet a 8. \u00a7\u00a0 alapj\u00e1n az iskola els\u0151 \u00e9vfolyam\u00e1ra a tank\u00f6teles tanul\u00f3k beiratkoz\u00e1sa: 2025. \u00e1prilis 10-11.<\/span><\/h4>\n","protected":false},"excerpt":{"rendered":"<p>\u00c1ltal\u00e1nos iskolai beiratkoz\u00e1s \u00a0 Helysz\u00edn : Gimn\u00e1zium \u00e9p\u00fclete \u00a0(Mb. Pet\u0151fi \u00fat 13-15.) \u00a0 Id\u0151pont: \u00a0\u00a0\u00a0 2025. \u00e1prilis 10. 8.00 &#8211; 16.00 \u00a0\u00a0\u00a0\u00a0\u00a0\u00a0\u00a0\u00a0\u00a0\u00a0\u00a0\u00a0\u00a0\u00a0\u00a0\u00a0\u00a0\u00a0\u00a0 2025. \u00e1prilis 11. 8.00 &#8211; 16.00 V\u00e1rjuk leend\u0151 kis tanul\u00f3ink beiratkoz\u00e1s\u00e1t! K\u00e9rj\u00fck az el\u0151zetes sz\u00e1nd\u00e9knyilatkozatot kit\u00f6lt\u0151 gyermekek sz\u00fcleit, hogy al\u00e1\u00edr\u00e1sukkal tegy\u00e9k v\u00e9glegess\u00e9 a beiratkoz\u00e1st! \u00a0 A beiratkoz\u00e1shoz kapcsol\u00f3d\u00f3an az al\u00e1bbi dokumentumokra van sz\u00fcks\u00e9g [&hellip;]<\/p>\n","protected":false},"author":2,"featured_media":6872,"comment_status":"closed","ping_status":"closed","sticky":false,"template":"","format":"standard","meta":{"footnotes":""},"categories":[3,20],"tags":[],"class_list":["post-6917","post","type-post","status-publish","format-standard","has-post-thumbnail","hentry","category-beiratkozas-beiskolazas","category-esemenyek-2024-2025"],"_links":{"self":[{"href":"https:\/\/psgsuli.hu\/altalanos\/wp-json\/wp\/v2\/posts\/6917","targetHints":{"allow":["GET"]}}],"collection":[{"href":"https:\/\/psgsuli.hu\/altalanos\/wp-json\/wp\/v2\/posts"}],"about":[{"href":"https:\/\/psgsuli.hu\/altalanos\/wp-json\/wp\/v2\/types\/post"}],"author":[{"embeddable":true,"href":"https:\/\/psgsuli.hu\/altalanos\/wp-json\/wp\/v2\/users\/2"}],"replies":[{"embeddable":true,"href":"https:\/\/psgsuli.hu\/altalanos\/wp-json\/wp\/v2\/comments?post=6917"}],"version-history":[{"count":1,"href":"https:\/\/psgsuli.hu\/altalanos\/wp-json\/wp\/v2\/posts\/6917\/revisions"}],"predecessor-version":[{"id":6919,"href":"https:\/\/psgsuli.hu\/altalanos\/wp-json\/wp\/v2\/posts\/6917\/revisions\/6919"}],"wp:featuredmedia":[{"embeddable":true,"href":"https:\/\/psgsuli.hu\/altalanos\/wp-json\/wp\/v2\/media\/6872"}],"wp:attachment":[{"href":"https:\/\/psgsuli.hu\/altalanos\/wp-json\/wp\/v2\/media?parent=6917"}],"wp:term":[{"taxonomy":"category","embeddable":true,"href":"https:\/\/psgsuli.hu\/altalanos\/wp-json\/wp\/v2\/categories?post=6917"},{"taxonomy":"post_tag","embeddable":true,"href":"https:\/\/psgsuli.hu\/altalanos\/wp-json\/wp\/v2\/tags?post=6917"}],"curies":[{"name":"wp","href":"https:\/\/api.w.org\/{rel}","templated":true}]}}