{"id":6848,"date":"2025-02-13T21:10:15","date_gmt":"2025-02-13T21:10:15","guid":{"rendered":"https:\/\/psgsuli.hu\/altalanos\/?p=6848"},"modified":"2025-02-13T21:10:15","modified_gmt":"2025-02-13T21:10:15","slug":"gilice","status":"publish","type":"post","link":"https:\/\/psgsuli.hu\/altalanos\/2025\/02\/13\/gilice\/","title":{"rendered":"Gilice"},"content":{"rendered":"<h4 style=\"text-align: justify\"><span style=\"font-family: verdana, geneva, sans-serif;color: #000000\">A gilicev\u00e1r\u00f3 programokra nagy izgalommal \u00e9s szeretettel v\u00e1rtuk iskol\u00e1nkba az ovis gyermeket \u00e9s sz\u00fcleiket. Az els\u0151 j\u00e1t\u00e9kos, sportos d\u00e9lut\u00e1non megismerkedtek a kicsik a gimn\u00e1zium \u00e9p\u00fclet\u00e9vel, ahol a tan\u00edt\u00f3 n\u00e9nik \u00e9s tan\u00edt\u00f3 b\u00e1csik egy akt\u00edv, mozg\u00e1sos programmal k\u00e9sz\u00fcltek.<\/span><\/h4>\n<h4 style=\"text-align: justify\"><span style=\"font-family: verdana, geneva, sans-serif;color: #000000\">A m\u00e1sodik tal\u00e1lkoz\u00e1skor a gimn\u00e1zium els\u0151 emeleti tantermeiben vettek r\u00e9szt a gyerekek. A programok nagyon sikeresek voltak, hiszen az ovisok is nagyon j\u00f3l \u00e9rezt\u00e9k magukat a k\u00fcl\u00f6nb\u00f6z\u0151 helysz\u00edneken. Lehet\u0151s\u00e9g\u00fck volt t\u00f6bbek k\u00f6z\u00f6tt sakkozni, \u00fcgyess\u00e9gi p\u00e1ly\u00e1n v\u00e9gig haladni, k\u00e9zm\u0171veskedni, nyelv\u00e9szkedni, valamint ki lehetett pr\u00f3b\u00e1lni a digit\u00e1lis t\u00e1bl\u00e1t is.<\/span><\/h4>\n<h4 style=\"text-align: justify\"><span style=\"font-family: verdana, geneva, sans-serif;color: #000000\">A kicsik legnagyobb \u00f6r\u00f6m\u00e9re a harmadik alkalomkor a gyerekek egy b\u00e1bel\u0151d\u00e1st tekinthettek meg koll\u00e9giumunk aul\u00e1j\u00e1ban. A m\u0171sor ut\u00e1n az A-\u00e9p\u00fcletben folytat\u00f3dott a program, ahol a gyerekek k\u00e9zm\u0171ves \u00e9s \u00fcgyess\u00e9gi feladatokat csin\u00e1ltak.<\/span><\/h4>\n<h4 style=\"text-align: justify\"><\/h4>\n<h4 style=\"text-align: justify\"><span style=\"font-family: verdana, geneva, sans-serif;color: #000000\">A ny\u00edlt nap id\u0151pontj\u00e1t hamarosan k\u00f6zz\u00e9 tessz\u00fck.<\/span><\/h4>\n","protected":false},"excerpt":{"rendered":"<p>A gilicev\u00e1r\u00f3 programokra nagy izgalommal \u00e9s szeretettel v\u00e1rtuk iskol\u00e1nkba az ovis gyermeket \u00e9s sz\u00fcleiket. Az els\u0151 j\u00e1t\u00e9kos, sportos d\u00e9lut\u00e1non megismerkedtek a kicsik a gimn\u00e1zium \u00e9p\u00fclet\u00e9vel, ahol a tan\u00edt\u00f3 n\u00e9nik \u00e9s tan\u00edt\u00f3 b\u00e1csik egy akt\u00edv, mozg\u00e1sos programmal k\u00e9sz\u00fcltek. A m\u00e1sodik tal\u00e1lkoz\u00e1skor a gimn\u00e1zium els\u0151 emeleti tantermeiben vettek r\u00e9szt a gyerekek. A programok nagyon sikeresek voltak, hiszen [&hellip;]<\/p>\n","protected":false},"author":2,"featured_media":0,"comment_status":"closed","ping_status":"closed","sticky":false,"template":"","format":"standard","meta":{"footnotes":""},"categories":[20],"tags":[],"class_list":["post-6848","post","type-post","status-publish","format-standard","hentry","category-esemenyek-2024-2025"],"_links":{"self":[{"href":"https:\/\/psgsuli.hu\/altalanos\/wp-json\/wp\/v2\/posts\/6848","targetHints":{"allow":["GET"]}}],"collection":[{"href":"https:\/\/psgsuli.hu\/altalanos\/wp-json\/wp\/v2\/posts"}],"about":[{"href":"https:\/\/psgsuli.hu\/altalanos\/wp-json\/wp\/v2\/types\/post"}],"author":[{"embeddable":true,"href":"https:\/\/psgsuli.hu\/altalanos\/wp-json\/wp\/v2\/users\/2"}],"replies":[{"embeddable":true,"href":"https:\/\/psgsuli.hu\/altalanos\/wp-json\/wp\/v2\/comments?post=6848"}],"version-history":[{"count":1,"href":"https:\/\/psgsuli.hu\/altalanos\/wp-json\/wp\/v2\/posts\/6848\/revisions"}],"predecessor-version":[{"id":6849,"href":"https:\/\/psgsuli.hu\/altalanos\/wp-json\/wp\/v2\/posts\/6848\/revisions\/6849"}],"wp:attachment":[{"href":"https:\/\/psgsuli.hu\/altalanos\/wp-json\/wp\/v2\/media?parent=6848"}],"wp:term":[{"taxonomy":"category","embeddable":true,"href":"https:\/\/psgsuli.hu\/altalanos\/wp-json\/wp\/v2\/categories?post=6848"},{"taxonomy":"post_tag","embeddable":true,"href":"https:\/\/psgsuli.hu\/altalanos\/wp-json\/wp\/v2\/tags?post=6848"}],"curies":[{"name":"wp","href":"https:\/\/api.w.org\/{rel}","templated":true}]}}