{"id":6807,"date":"2024-11-27T17:56:01","date_gmt":"2024-11-27T17:56:01","guid":{"rendered":"https:\/\/psgsuli.hu\/altalanos\/?p=6807"},"modified":"2024-11-27T17:56:01","modified_gmt":"2024-11-27T17:56:01","slug":"i-petro-jozsef-sakk-emlekverseny","status":"publish","type":"post","link":"https:\/\/psgsuli.hu\/altalanos\/2024\/11\/27\/i-petro-jozsef-sakk-emlekverseny\/","title":{"rendered":"I. Petr\u00f3 J\u00f3zsef Sakk Eml\u00e9kverseny"},"content":{"rendered":"<h4 style=\"text-align: justify\"><span style=\"font-family: verdana, geneva, sans-serif;color: #000000\">A h\u00e9tv\u00e9g\u00e9n B\u00e9k\u00e9scsab\u00e1n ker\u00fclt megrendez\u00e9sre az I. Petr\u00f3 J\u00f3zsef Sakk Eml\u00e9kverseny, amelyen iskol\u00e1nk is szerepelt. A versenyen \u00f6sszesen 17 csapat indult, z\u00f6m\u00e9ben feln\u0151ttek, de ennek ellen\u00e9re tanul\u00f3ink remek\u00fcl helyt\u00e1lltak \u00e9s legy\u0151ztek 2 k\u00f6z\u00e9piskol\u00e1s csapatot is. A 14 \u00e9v alattiak kateg\u00f3ri\u00e1j\u00e1ban a 2. helyet szerezt\u00fck meg a k\u00e9t indul\u00f3 csapatb\u00f3l. A gy\u0151ztes Duocor-Mak\u00f3i SVSE hasonl\u00f3 kor\u00fa csapata teljesen m\u00e1s kateg\u00f3ri\u00e1t k\u00e9pviselt, \u0151k a feln\u0151tt mez\u0151nyben is az \u00e9lcsoportban v\u00e9geztek. A csapat tagjai Jozaf Gerg\u0151 (6.b), Varga M\u00e1rk (5.a), Kov\u00e1cs Uriel (4.b) \u00e9s Gurmai Szil\u00e1rd (3.a) tanul\u00f3k voltak.<\/span><\/h4>\n<h4 style=\"text-align: justify\"><\/h4>\n","protected":false},"excerpt":{"rendered":"<p>A h\u00e9tv\u00e9g\u00e9n B\u00e9k\u00e9scsab\u00e1n ker\u00fclt megrendez\u00e9sre az I. Petr\u00f3 J\u00f3zsef Sakk Eml\u00e9kverseny, amelyen iskol\u00e1nk is szerepelt. A versenyen \u00f6sszesen 17 csapat indult, z\u00f6m\u00e9ben feln\u0151ttek, de ennek ellen\u00e9re tanul\u00f3ink remek\u00fcl helyt\u00e1lltak \u00e9s legy\u0151ztek 2 k\u00f6z\u00e9piskol\u00e1s csapatot is. A 14 \u00e9v alattiak kateg\u00f3ri\u00e1j\u00e1ban a 2. helyet szerezt\u00fck meg a k\u00e9t indul\u00f3 csapatb\u00f3l. A gy\u0151ztes Duocor-Mak\u00f3i SVSE hasonl\u00f3 kor\u00fa [&hellip;]<\/p>\n","protected":false},"author":2,"featured_media":6808,"comment_status":"closed","ping_status":"closed","sticky":false,"template":"","format":"standard","meta":{"footnotes":""},"categories":[20],"tags":[],"class_list":["post-6807","post","type-post","status-publish","format-standard","has-post-thumbnail","hentry","category-esemenyek-2024-2025"],"_links":{"self":[{"href":"https:\/\/psgsuli.hu\/altalanos\/wp-json\/wp\/v2\/posts\/6807","targetHints":{"allow":["GET"]}}],"collection":[{"href":"https:\/\/psgsuli.hu\/altalanos\/wp-json\/wp\/v2\/posts"}],"about":[{"href":"https:\/\/psgsuli.hu\/altalanos\/wp-json\/wp\/v2\/types\/post"}],"author":[{"embeddable":true,"href":"https:\/\/psgsuli.hu\/altalanos\/wp-json\/wp\/v2\/users\/2"}],"replies":[{"embeddable":true,"href":"https:\/\/psgsuli.hu\/altalanos\/wp-json\/wp\/v2\/comments?post=6807"}],"version-history":[{"count":1,"href":"https:\/\/psgsuli.hu\/altalanos\/wp-json\/wp\/v2\/posts\/6807\/revisions"}],"predecessor-version":[{"id":6809,"href":"https:\/\/psgsuli.hu\/altalanos\/wp-json\/wp\/v2\/posts\/6807\/revisions\/6809"}],"wp:featuredmedia":[{"embeddable":true,"href":"https:\/\/psgsuli.hu\/altalanos\/wp-json\/wp\/v2\/media\/6808"}],"wp:attachment":[{"href":"https:\/\/psgsuli.hu\/altalanos\/wp-json\/wp\/v2\/media?parent=6807"}],"wp:term":[{"taxonomy":"category","embeddable":true,"href":"https:\/\/psgsuli.hu\/altalanos\/wp-json\/wp\/v2\/categories?post=6807"},{"taxonomy":"post_tag","embeddable":true,"href":"https:\/\/psgsuli.hu\/altalanos\/wp-json\/wp\/v2\/tags?post=6807"}],"curies":[{"name":"wp","href":"https:\/\/api.w.org\/{rel}","templated":true}]}}