{"id":6803,"date":"2024-11-25T21:03:10","date_gmt":"2024-11-25T21:03:10","guid":{"rendered":"https:\/\/psgsuli.hu\/altalanos\/?p=6803"},"modified":"2024-11-25T21:03:10","modified_gmt":"2024-11-25T21:03:10","slug":"szepiro-verseny","status":"publish","type":"post","link":"https:\/\/psgsuli.hu\/altalanos\/2024\/11\/25\/szepiro-verseny\/","title":{"rendered":"Sz\u00e9p\u00edr\u00f3 verseny"},"content":{"rendered":"<h4 style=\"text-align: right\"><span style=\"font-family: verdana, geneva, sans-serif;color: #000000\"><em>\u201eAz a nyelv a nemzetnek, ami l\u00e9lekzet az \u00e9l\u0151nek.\u201d<\/em><\/span><\/h4>\n<h4 style=\"text-align: right\"><span style=\"font-family: verdana, geneva, sans-serif;color: #000000\"><em>-Kisfaludy S\u00e1ndor-<\/em><\/span><\/h4>\n<h4 style=\"text-align: justify\"><span style=\"font-family: verdana, geneva, sans-serif;color: #000000\"><em>\u00a0<\/em><\/span><\/h4>\n<h4 style=\"text-align: justify\"><span style=\"font-family: verdana, geneva, sans-serif;color: #000000\">1844. november 13-\u00e1n mondt\u00e1k ki t\u00f6rv\u00e9nyileg, hogy Magyarorsz\u00e1g hivatalos nyelve a magyar. Ezen az \u00fcnnepen anyanyelv\u00fcnk \u00e9rt\u00e9keire \u00e9s tisztelet\u00e9re h\u00edvjuk fel a figyelmet.<\/span><\/h4>\n<h4 style=\"text-align: justify\"><span style=\"font-family: verdana, geneva, sans-serif;color: #000000\">Az idei tan\u00e9vben is ehhez az eml\u00e9knaphoz kapcsol\u00f3dva tartottuk meg az als\u00f3 tagozatos gyerekek k\u00f6r\u00e9ben a Sz\u00e9p\u00edr\u00f3 versenyt. A 2-4. \u00e9vfolyamb\u00f3l 4-4 gyermek k\u00e9pviselte oszt\u00e1ly\u00e1t. A rendezett \u00edr\u00e1sra, sz\u00e9p k\u00fclalakra, pontos m\u00e1sol\u00e1sra kellett figyelmet ford\u00edtani. A beadott \u00edr\u00e1smunk\u00e1k azt igazolj\u00e1k, hogy a gyerekek kell\u0151 komolys\u00e1ggal, elhivatottan v\u00e9gezt\u00e9k el a feladatot. Sz\u00e9p, ig\u00e9nyes munk\u00e1k sz\u00fclettek. \u00cdgy az els\u0151 h\u00e1rom helyezett kiv\u00e1laszt\u00e1sa fejt\u00f6r\u00e9st \u00e9s egyben nagy \u00f6r\u00f6m\u00f6t is jelentett az \u00e9rt\u00e9kel\u0151 pedag\u00f3gusok sz\u00e1m\u00e1ra.<\/span><\/h4>\n<h4 style=\"text-align: justify\"><span style=\"font-family: verdana, geneva, sans-serif;color: #000000\">K\u00f6sz\u00f6nj\u00fck a gyerekek lelkesen v\u00e9gzett munk\u00e1j\u00e1t. M\u00e9lt\u00f3 m\u00f3don h\u00edvt\u00e1k fel a figyelmet a nap jelent\u0151s\u00e9g\u00e9re.<\/span><\/h4>\n","protected":false},"excerpt":{"rendered":"<p>\u201eAz a nyelv a nemzetnek, ami l\u00e9lekzet az \u00e9l\u0151nek.\u201d -Kisfaludy S\u00e1ndor- \u00a0 1844. november 13-\u00e1n mondt\u00e1k ki t\u00f6rv\u00e9nyileg, hogy Magyarorsz\u00e1g hivatalos nyelve a magyar. Ezen az \u00fcnnepen anyanyelv\u00fcnk \u00e9rt\u00e9keire \u00e9s tisztelet\u00e9re h\u00edvjuk fel a figyelmet. Az idei tan\u00e9vben is ehhez az eml\u00e9knaphoz kapcsol\u00f3dva tartottuk meg az als\u00f3 tagozatos gyerekek k\u00f6r\u00e9ben a Sz\u00e9p\u00edr\u00f3 versenyt. A 2-4. [&hellip;]<\/p>\n","protected":false},"author":2,"featured_media":6804,"comment_status":"closed","ping_status":"closed","sticky":false,"template":"","format":"standard","meta":{"footnotes":""},"categories":[20],"tags":[],"class_list":["post-6803","post","type-post","status-publish","format-standard","has-post-thumbnail","hentry","category-esemenyek-2024-2025"],"_links":{"self":[{"href":"https:\/\/psgsuli.hu\/altalanos\/wp-json\/wp\/v2\/posts\/6803","targetHints":{"allow":["GET"]}}],"collection":[{"href":"https:\/\/psgsuli.hu\/altalanos\/wp-json\/wp\/v2\/posts"}],"about":[{"href":"https:\/\/psgsuli.hu\/altalanos\/wp-json\/wp\/v2\/types\/post"}],"author":[{"embeddable":true,"href":"https:\/\/psgsuli.hu\/altalanos\/wp-json\/wp\/v2\/users\/2"}],"replies":[{"embeddable":true,"href":"https:\/\/psgsuli.hu\/altalanos\/wp-json\/wp\/v2\/comments?post=6803"}],"version-history":[{"count":1,"href":"https:\/\/psgsuli.hu\/altalanos\/wp-json\/wp\/v2\/posts\/6803\/revisions"}],"predecessor-version":[{"id":6805,"href":"https:\/\/psgsuli.hu\/altalanos\/wp-json\/wp\/v2\/posts\/6803\/revisions\/6805"}],"wp:featuredmedia":[{"embeddable":true,"href":"https:\/\/psgsuli.hu\/altalanos\/wp-json\/wp\/v2\/media\/6804"}],"wp:attachment":[{"href":"https:\/\/psgsuli.hu\/altalanos\/wp-json\/wp\/v2\/media?parent=6803"}],"wp:term":[{"taxonomy":"category","embeddable":true,"href":"https:\/\/psgsuli.hu\/altalanos\/wp-json\/wp\/v2\/categories?post=6803"},{"taxonomy":"post_tag","embeddable":true,"href":"https:\/\/psgsuli.hu\/altalanos\/wp-json\/wp\/v2\/tags?post=6803"}],"curies":[{"name":"wp","href":"https:\/\/api.w.org\/{rel}","templated":true}]}}