{"id":6750,"date":"2024-10-21T19:26:50","date_gmt":"2024-10-21T19:26:50","guid":{"rendered":"https:\/\/psgsuli.hu\/altalanos\/?p=6750"},"modified":"2024-10-21T19:37:30","modified_gmt":"2024-10-21T19:37:30","slug":"allatok-vilagnapja-4","status":"publish","type":"post","link":"https:\/\/psgsuli.hu\/altalanos\/2024\/10\/21\/allatok-vilagnapja-4\/","title":{"rendered":"\u00c1LLATOK VIL\u00c1GNAPJA"},"content":{"rendered":"<h4><span style=\"font-family: verdana, geneva, sans-serif;color: #000000\">\u00a0 Sajnos az ebz\u00e1rlat miatt ezen az \u0151sz\u00f6n nem rendezhett\u00fck meg az \u00c1llatok vil\u00e1gnapj\u00e1t.<\/span><\/h4>\n<h4><span style=\"font-family: verdana, geneva, sans-serif;color: #000000\">\u00a0 Voltak viszont el\u0151zetes feladatok \u00e9s a r\u00e9sztvev\u0151k k\u00f6z\u00fcl kiemelked\u0151 munk\u00e1juk\u00e9rt a k\u00f6vetkez\u0151 tanul\u00f3kat jutalmaztuk:<\/span><\/h4>\n<h4><span style=\"font-family: verdana, geneva, sans-serif;color: #000000\"><strong>Gimn\u00e1zium:<\/strong> plak\u00e1t form\u00e1tumban \u00e1llatfajok bemutat\u00e1sa.\u00a0<\/span><\/h4>\n<h4><span style=\"font-family: verdana, geneva, sans-serif;color: #000000\"><strong><span style=\"color: #339966\">\u00a0Balogh Fl\u00f3ra, P\u00fcski Barbara 9.b, Cs\u00e1v\u00e1s Emese 9.b, \u00a0<\/span><\/strong><\/span><\/h4>\n<h4><span style=\"font-family: verdana, geneva, sans-serif;color: #000000\"><strong><span style=\"color: #339966\">\u00a0Martincsek Edit R\u00e9ka, <\/span><span style=\"color: #339966\">Reszel\u0151 Amina Erika 9.a<\/span> <\/strong><\/span><\/h4>\n<h4><span style=\"font-family: verdana, geneva, sans-serif;color: #000000\"><strong>\u00a0Fels\u0151 tagozat: <\/strong>Hogyan neveled az \u00e1llatodat?-prezent\u00e1ci\u00f3, vide\u00f3 k\u00e9sz\u00edt\u00e9se a h\u00e1zi kedvencekr\u0151l. <span style=\"color: #339966\"><strong>T\u00f3th Zs\u00f3fia 8.b<\/strong><\/span><\/span><\/h4>\n<h4><span style=\"font-family: verdana, geneva, sans-serif;color: #000000\">\u00a0<strong>Als\u00f3 tagozat: <\/strong>Tot\u00f3 az \u00e1llatokr\u00f3l.\u00a0<\/span><\/h4>\n<h4><span style=\"font-family: verdana, geneva, sans-serif;color: #339966\"><strong>\u00a0 B\u00e1rdi Szofi 4.b, Lajk\u00f3 M\u00e1rton 2.b, Mank\u00f3 H\u00e9di\u00a0 4.a, <\/strong><\/span><\/h4>\n<h4><span style=\"font-family: verdana, geneva, sans-serif;color: #339966\"><strong>\u00a0 T\u00f3th S\u00e1ndor 2.a, Varga \u00c1lmos 1.b, Varga Botond\u00a0 3.b<\/strong><\/span><\/h4>\n<h4><span style=\"font-family: verdana, geneva, sans-serif;color: #000000\"><strong>\u00a0 K\u00f6sz\u00f6nj\u00fck valamennyi r\u00e9sztvev\u0151 munk\u00e1j\u00e1t!<\/strong><\/span><\/h4>\n<h4><span style=\"font-family: verdana, geneva, sans-serif;color: #000000\"><strong>\u00a0\u00a0\u00a0\u00a0\u00a0\u00a0\u00a0\u00a0\u00a0\u00a0\u00a0\u00a0\u00a0\u00a0\u00a0\u00a0\u00a0\u00a0\u00a0\u00a0\u00a0\u00a0\u00a0\u00a0\u00a0\u00a0\u00a0\u00a0\u00a0\u00a0\u00a0\u00a0\u00a0\u00a0\u00a0\u00a0\u00a0\u00a0\u00a0 A d\u00edjazottaknak szeretettel gratul\u00e1lunk! <\/strong><\/span><\/h4>\n<h4><span style=\"font-family: verdana, geneva, sans-serif;color: #000000\"><strong>\u00a0\u00a0\u00a0\u00a0\u00a0\u00a0\u00a0\u00a0\u00a0\u00a0\u00a0\u00a0\u00a0\u00a0\u00a0\u00a0\u00a0\u00a0\u00a0\u00a0\u00a0\u00a0\u00a0\u00a0\u00a0\u00a0\u00a0\u00a0\u00a0\u00a0\u00a0\u00a0\u00a0\u00a0\u00a0\u00a0\u00a0\u00a0\u00a0\u00a0\u00a0\u00a0\u00a0\u00a0\u00a0\u00a0\u00a0\u00a0\u00a0\u00a0 \u00d6KO-munkacsoport<\/strong><\/span><\/h4>\n","protected":false},"excerpt":{"rendered":"<p>\u00a0 Sajnos az ebz\u00e1rlat miatt ezen az \u0151sz\u00f6n nem rendezhett\u00fck meg az \u00c1llatok vil\u00e1gnapj\u00e1t. \u00a0 Voltak viszont el\u0151zetes feladatok \u00e9s a r\u00e9sztvev\u0151k k\u00f6z\u00fcl kiemelked\u0151 munk\u00e1juk\u00e9rt a k\u00f6vetkez\u0151 tanul\u00f3kat jutalmaztuk: Gimn\u00e1zium: plak\u00e1t form\u00e1tumban \u00e1llatfajok bemutat\u00e1sa.\u00a0 \u00a0Balogh Fl\u00f3ra, P\u00fcski Barbara 9.b, Cs\u00e1v\u00e1s Emese 9.b, \u00a0 \u00a0Martincsek Edit R\u00e9ka, Reszel\u0151 Amina Erika 9.a \u00a0Fels\u0151 tagozat: Hogyan neveled az [&hellip;]<\/p>\n","protected":false},"author":2,"featured_media":6720,"comment_status":"closed","ping_status":"closed","sticky":false,"template":"","format":"standard","meta":{"footnotes":""},"categories":[20],"tags":[],"class_list":["post-6750","post","type-post","status-publish","format-standard","has-post-thumbnail","hentry","category-esemenyek-2024-2025"],"_links":{"self":[{"href":"https:\/\/psgsuli.hu\/altalanos\/wp-json\/wp\/v2\/posts\/6750","targetHints":{"allow":["GET"]}}],"collection":[{"href":"https:\/\/psgsuli.hu\/altalanos\/wp-json\/wp\/v2\/posts"}],"about":[{"href":"https:\/\/psgsuli.hu\/altalanos\/wp-json\/wp\/v2\/types\/post"}],"author":[{"embeddable":true,"href":"https:\/\/psgsuli.hu\/altalanos\/wp-json\/wp\/v2\/users\/2"}],"replies":[{"embeddable":true,"href":"https:\/\/psgsuli.hu\/altalanos\/wp-json\/wp\/v2\/comments?post=6750"}],"version-history":[{"count":6,"href":"https:\/\/psgsuli.hu\/altalanos\/wp-json\/wp\/v2\/posts\/6750\/revisions"}],"predecessor-version":[{"id":6756,"href":"https:\/\/psgsuli.hu\/altalanos\/wp-json\/wp\/v2\/posts\/6750\/revisions\/6756"}],"wp:featuredmedia":[{"embeddable":true,"href":"https:\/\/psgsuli.hu\/altalanos\/wp-json\/wp\/v2\/media\/6720"}],"wp:attachment":[{"href":"https:\/\/psgsuli.hu\/altalanos\/wp-json\/wp\/v2\/media?parent=6750"}],"wp:term":[{"taxonomy":"category","embeddable":true,"href":"https:\/\/psgsuli.hu\/altalanos\/wp-json\/wp\/v2\/categories?post=6750"},{"taxonomy":"post_tag","embeddable":true,"href":"https:\/\/psgsuli.hu\/altalanos\/wp-json\/wp\/v2\/tags?post=6750"}],"curies":[{"name":"wp","href":"https:\/\/api.w.org\/{rel}","templated":true}]}}