{"id":6746,"date":"2024-10-12T15:51:21","date_gmt":"2024-10-12T15:51:21","guid":{"rendered":"https:\/\/psgsuli.hu\/altalanos\/?p=6746"},"modified":"2024-10-12T15:51:21","modified_gmt":"2024-10-12T15:51:21","slug":"pattanj-bringara-2024-ben-is","status":"publish","type":"post","link":"https:\/\/psgsuli.hu\/altalanos\/2024\/10\/12\/pattanj-bringara-2024-ben-is\/","title":{"rendered":"Pattanj bring\u00e1ra 2024-ben is!"},"content":{"rendered":"<h4 style=\"text-align: justify\"><span style=\"font-family: verdana, geneva, sans-serif;color: #000000\">Az \u00d6ko-munkacsoport -kapcsol\u00f3dva az Aut\u00f3mentes vil\u00e1gnaphoz ism\u00e9t meghirdette a <span style=\"color: #00ff00\"><strong>\u201ePattanj bring\u00e1ra\u201d<\/strong><\/span> elnevez\u00e9s\u0171 programot. Arra biztattuk az iskola di\u00e1kjait, hogy szeptember 19-\u00e9n s\u00e9t\u00e1ljanak a ligetbe vagy szeptember 20-\u00e1n ker\u00e9kp\u00e1rral \u00e9rkezzenek iskol\u00e1ba. \u00a0<\/span><\/h4>\n<h4 style=\"text-align: justify\"><span style=\"font-family: verdana, geneva, sans-serif;color: #000000\">\u00a0 A k\u00e9tnapos verseny v\u00e9geredm\u00e9nye a k\u00f6vetkez\u0151k\u00e9ppen alakult:<\/span><\/h4>\n<h4 style=\"text-align: justify\"><\/h4>\n<h4 style=\"text-align: justify\"><span style=\"font-family: verdana, geneva, sans-serif;color: #000000\">\u00a0A gimn\u00e1ziumi oszt\u00e1lyok k\u00f6z\u00fcl a 12.a-b \u00e9s a 12.d oszt\u00e1ly teljes\u00edtett a legeredm\u00e9nyesebben.<\/span><\/h4>\n<h4 style=\"text-align: justify\"><span style=\"font-family: verdana, geneva, sans-serif;color: #000000\">\u00a0A fels\u0151 tagozaton is d\u00f6ntetlen eredm\u00e9ny sz\u00fcletett, \u00edgy 6.b \u00e9s 7.a oszt\u00e1ly nyerte meg a versenyt.<\/span><\/h4>\n<h4 style=\"text-align: justify\"><\/h4>\n<h4 style=\"text-align: justify\"><span style=\"font-family: verdana, geneva, sans-serif;color: #000000\">\u00a0Az als\u00f3 tagozaton is k\u00e9t oszt\u00e1ly lett a gy\u0151ztes<\/span><\/h4>\n<h4 style=\"text-align: justify\"><span style=\"font-family: verdana, geneva, sans-serif;color: #000000\">a 3.b \u00e9s\u00a0 4.a oszt\u00e1ly.<\/span><\/h4>\n<h4 style=\"text-align: justify\"><\/h4>\n<h4 style=\"text-align: justify\"><span style=\"font-family: verdana, geneva, sans-serif;color: #000000\">Tov\u00e1bbra is arra biztatunk mindenkit, hogy aut\u00f3 helyett k\u00f6zlekedjen ker\u00e9kp\u00e1rral vagy gyalog, mert csak<\/span><\/h4>\n<h4 style=\"text-align: center\"><span style=\"font-family: verdana, geneva, sans-serif;color: #ff0000\">\u00a0\u201dEGY F\u00d6LD\u00dcNK VAN!\u201d<\/span><\/h4>\n<h4 style=\"text-align: left\">\n<span style=\"font-family: verdana, geneva, sans-serif;color: #000000\">\u00a0Valamennyi lelkes r\u00e9sztvev\u0151nek szeretettel gratul\u00e1l az<\/span><\/h4>\n<h4 style=\"text-align: justify\"><span style=\"font-family: verdana, geneva, sans-serif;color: #000000\">\u00a0\u00a0\u00a0\u00a0\u00a0\u00a0\u00a0\u00a0\u00a0\u00a0\u00a0\u00a0\u00a0\u00a0\u00a0\u00a0\u00a0\u00a0\u00a0\u00a0\u00a0\u00a0\u00a0\u00a0\u00a0\u00a0\u00a0\u00a0\u00a0\u00a0\u00a0\u00a0\u00a0 \u00d6KO-munkacsoport!<\/span><\/h4>\n","protected":false},"excerpt":{"rendered":"<p>Az \u00d6ko-munkacsoport -kapcsol\u00f3dva az Aut\u00f3mentes vil\u00e1gnaphoz ism\u00e9t meghirdette a \u201ePattanj bring\u00e1ra\u201d elnevez\u00e9s\u0171 programot. Arra biztattuk az iskola di\u00e1kjait, hogy szeptember 19-\u00e9n s\u00e9t\u00e1ljanak a ligetbe vagy szeptember 20-\u00e1n ker\u00e9kp\u00e1rral \u00e9rkezzenek iskol\u00e1ba. \u00a0 \u00a0 A k\u00e9tnapos verseny v\u00e9geredm\u00e9nye a k\u00f6vetkez\u0151k\u00e9ppen alakult: \u00a0A gimn\u00e1ziumi oszt\u00e1lyok k\u00f6z\u00fcl a 12.a-b \u00e9s a 12.d oszt\u00e1ly teljes\u00edtett a legeredm\u00e9nyesebben. \u00a0A fels\u0151 tagozaton [&hellip;]<\/p>\n","protected":false},"author":2,"featured_media":6747,"comment_status":"closed","ping_status":"closed","sticky":false,"template":"","format":"standard","meta":{"footnotes":""},"categories":[20],"tags":[],"class_list":["post-6746","post","type-post","status-publish","format-standard","has-post-thumbnail","hentry","category-esemenyek-2024-2025"],"_links":{"self":[{"href":"https:\/\/psgsuli.hu\/altalanos\/wp-json\/wp\/v2\/posts\/6746","targetHints":{"allow":["GET"]}}],"collection":[{"href":"https:\/\/psgsuli.hu\/altalanos\/wp-json\/wp\/v2\/posts"}],"about":[{"href":"https:\/\/psgsuli.hu\/altalanos\/wp-json\/wp\/v2\/types\/post"}],"author":[{"embeddable":true,"href":"https:\/\/psgsuli.hu\/altalanos\/wp-json\/wp\/v2\/users\/2"}],"replies":[{"embeddable":true,"href":"https:\/\/psgsuli.hu\/altalanos\/wp-json\/wp\/v2\/comments?post=6746"}],"version-history":[{"count":1,"href":"https:\/\/psgsuli.hu\/altalanos\/wp-json\/wp\/v2\/posts\/6746\/revisions"}],"predecessor-version":[{"id":6748,"href":"https:\/\/psgsuli.hu\/altalanos\/wp-json\/wp\/v2\/posts\/6746\/revisions\/6748"}],"wp:featuredmedia":[{"embeddable":true,"href":"https:\/\/psgsuli.hu\/altalanos\/wp-json\/wp\/v2\/media\/6747"}],"wp:attachment":[{"href":"https:\/\/psgsuli.hu\/altalanos\/wp-json\/wp\/v2\/media?parent=6746"}],"wp:term":[{"taxonomy":"category","embeddable":true,"href":"https:\/\/psgsuli.hu\/altalanos\/wp-json\/wp\/v2\/categories?post=6746"},{"taxonomy":"post_tag","embeddable":true,"href":"https:\/\/psgsuli.hu\/altalanos\/wp-json\/wp\/v2\/tags?post=6746"}],"curies":[{"name":"wp","href":"https:\/\/api.w.org\/{rel}","templated":true}]}}