{"id":6713,"date":"2024-09-11T09:36:29","date_gmt":"2024-09-11T09:36:29","guid":{"rendered":"https:\/\/psgsuli.hu\/altalanos\/?p=6713"},"modified":"2024-09-11T09:36:44","modified_gmt":"2024-09-11T09:36:44","slug":"gilice-tabor-2024","status":"publish","type":"post","link":"https:\/\/psgsuli.hu\/altalanos\/2024\/09\/11\/gilice-tabor-2024\/","title":{"rendered":"Gilice t\u00e1bor 2024"},"content":{"rendered":"<h4 style=\"font-weight: 400;text-align: justify\"><span style=\"font-family: verdana, geneva, sans-serif;color: #000000\">Iskol\u00e1nk az idei tan\u00e9vben is megrendezte a Gilicet\u00e1bort az els\u0151 oszt\u00e1lyosok sz\u00e1m\u00e1ra.<\/span><\/h4>\n<h4 style=\"font-weight: 400;text-align: justify\"><span style=\"font-family: verdana, geneva, sans-serif;color: #000000\">Az els\u0151 napon, 2024. augusztus 28-\u00e1n a gimn\u00e1zium als\u00f3 tagozat\u00e1n tal\u00e1lkoztunk leend\u0151 els\u0151seinkkel. Ezen a kellemes d\u00e9lut\u00e1non bemutatkoztak a tan\u00edt\u00f3 n\u00e9nik, majd ezt k\u00f6vet\u0151en dalt tanultunk az aul\u00e1ban, s a gyerekek kisz\u00ednezt\u00e9k a Luther r\u00f3zs\u00e1t, amit haza is vihettek. A d\u00e9lut\u00e1n folyam\u00e1n finom uzsonn\u00e1val kedveskedt\u00fcnk a gyerekeknek.<\/span><\/h4>\n<h4 style=\"font-weight: 400;text-align: justify\"><span style=\"font-family: verdana, geneva, sans-serif;color: #000000\">A m\u00e1sodik napon, 2024. augusztus 29-\u00e9n 10 \u00f3r\u00e1ra v\u00e1rtuk a gyerekeket. A n\u00e9metes b-\u00e9s oszt\u00e1llyal a N\u00e9met K\u00f6z\u00f6ss\u00e9gi H\u00e1zba ment\u00fcnk, m\u00edg az angolos a-s oszt\u00e1ly a Mez\u0151ber\u00e9nyi Szlov\u00e1k K\u00f6z\u00f6ss\u00e9gi H\u00e1zban t\u00f6lt\u00f6tte a d\u00e9lel\u0151tt\u00f6t. A finom eb\u00e9d ut\u00e1n a Mez\u0151ber\u00e9nyi II. Ker\u00fcleti Evang\u00e9likus templomban \u00e9s a par\u00f3ki\u00e1ban folytattuk a programot. A par\u00f3ki\u00e1ban a gyerekek k\u00e9zm\u0171ves \u00e9s j\u00e1t\u00e9kos idegen nyelvi foglalkoz\u00e1sokon vehettek r\u00e9szt. A templomban ism\u00e9t az \u00e9nekl\u00e9s\u00e9 volt a f\u0151szerep. A hossz\u00fa \u00e9s akt\u00edv nap v\u00e9g\u00e9t egy k\u00f6z\u00f6sen elfogyasztott uzsonn\u00e1val z\u00e1rtuk le.<\/span><\/h4>\n<h4 style=\"font-weight: 400;text-align: justify\"><span style=\"font-family: verdana, geneva, sans-serif;color: #000000\">A gyerekek kellemes elf\u00e1radtak, \u00e9lm\u00e9nyekkel telve mehettek haza. A k\u00e9tnapos Gilicet\u00e1bort eredm\u00e9nyesen z\u00e1rtuk le.\u00a0<\/span><\/h4>\n","protected":false},"excerpt":{"rendered":"<p>Iskol\u00e1nk az idei tan\u00e9vben is megrendezte a Gilicet\u00e1bort az els\u0151 oszt\u00e1lyosok sz\u00e1m\u00e1ra. Az els\u0151 napon, 2024. augusztus 28-\u00e1n a gimn\u00e1zium als\u00f3 tagozat\u00e1n tal\u00e1lkoztunk leend\u0151 els\u0151seinkkel. Ezen a kellemes d\u00e9lut\u00e1non bemutatkoztak a tan\u00edt\u00f3 n\u00e9nik, majd ezt k\u00f6vet\u0151en dalt tanultunk az aul\u00e1ban, s a gyerekek kisz\u00ednezt\u00e9k a Luther r\u00f3zs\u00e1t, amit haza is vihettek. A d\u00e9lut\u00e1n folyam\u00e1n finom [&hellip;]<\/p>\n","protected":false},"author":2,"featured_media":6714,"comment_status":"closed","ping_status":"closed","sticky":false,"template":"","format":"standard","meta":{"footnotes":""},"categories":[20],"tags":[],"class_list":["post-6713","post","type-post","status-publish","format-standard","has-post-thumbnail","hentry","category-esemenyek-2024-2025"],"_links":{"self":[{"href":"https:\/\/psgsuli.hu\/altalanos\/wp-json\/wp\/v2\/posts\/6713","targetHints":{"allow":["GET"]}}],"collection":[{"href":"https:\/\/psgsuli.hu\/altalanos\/wp-json\/wp\/v2\/posts"}],"about":[{"href":"https:\/\/psgsuli.hu\/altalanos\/wp-json\/wp\/v2\/types\/post"}],"author":[{"embeddable":true,"href":"https:\/\/psgsuli.hu\/altalanos\/wp-json\/wp\/v2\/users\/2"}],"replies":[{"embeddable":true,"href":"https:\/\/psgsuli.hu\/altalanos\/wp-json\/wp\/v2\/comments?post=6713"}],"version-history":[{"count":2,"href":"https:\/\/psgsuli.hu\/altalanos\/wp-json\/wp\/v2\/posts\/6713\/revisions"}],"predecessor-version":[{"id":6716,"href":"https:\/\/psgsuli.hu\/altalanos\/wp-json\/wp\/v2\/posts\/6713\/revisions\/6716"}],"wp:featuredmedia":[{"embeddable":true,"href":"https:\/\/psgsuli.hu\/altalanos\/wp-json\/wp\/v2\/media\/6714"}],"wp:attachment":[{"href":"https:\/\/psgsuli.hu\/altalanos\/wp-json\/wp\/v2\/media?parent=6713"}],"wp:term":[{"taxonomy":"category","embeddable":true,"href":"https:\/\/psgsuli.hu\/altalanos\/wp-json\/wp\/v2\/categories?post=6713"},{"taxonomy":"post_tag","embeddable":true,"href":"https:\/\/psgsuli.hu\/altalanos\/wp-json\/wp\/v2\/tags?post=6713"}],"curies":[{"name":"wp","href":"https:\/\/api.w.org\/{rel}","templated":true}]}}