{"id":6623,"date":"2024-06-19T13:50:20","date_gmt":"2024-06-19T13:50:20","guid":{"rendered":"https:\/\/psgsuli.hu\/altalanos\/?p=6623"},"modified":"2024-06-19T13:50:59","modified_gmt":"2024-06-19T13:50:59","slug":"orszagos-6-helyezett-a-petofi-sandor-evangelikus-gimnazium-es-altalanos-iskola-leany-iii-korcsoportos-kosarlabda-csapata","status":"publish","type":"post","link":"https:\/\/psgsuli.hu\/altalanos\/2024\/06\/19\/orszagos-6-helyezett-a-petofi-sandor-evangelikus-gimnazium-es-altalanos-iskola-leany-iii-korcsoportos-kosarlabda-csapata\/","title":{"rendered":"Orsz\u00e1gos 6. helyezett a Pet\u0151fi S\u00e1ndor Evang\u00e9likus Gimn\u00e1zium \u00e9s \u00c1ltal\u00e1nos iskola le\u00e1ny III. korcsoportos kos\u00e1rlabda csapata!"},"content":{"rendered":"<h4><span style=\"font-family: verdana, geneva, sans-serif;color: #000000\">2024. j\u00fanius 14-16. k\u00f6z\u00f6tt Debrecenben rendezt\u00e9k a Di\u00e1kolimpia III. korcsoportos labdaj\u00e1t\u00e9kok orsz\u00e1gos d\u00f6nt\u0151j\u00e9t.<\/span><\/h4>\n<h4><span style=\"font-family: verdana, geneva, sans-serif;color: #000000\">A nyolc r\u00e9sztvev\u0151 csapat el\u0151bb k\u00e9t n\u00e9gyes csoportban j\u00e1tszott, majd a helyoszt\u00f3kra ker\u00fclt sor. A mez\u0151ber\u00e9nyiek a csoport 3. helye ut\u00e1n a v\u00e9gs\u0151 6. helyez\u00e9st szerezt\u00e9k meg. Szerepl\u00e9s\u00fck minden dics\u00e9retet meg\u00e9rdemel, mert olyan kosaras nagyhatalomnak sz\u00e1m\u00edt\u00f3 v\u00e1rosok csapatait gy\u0151zt\u00e9k le, mint a Szeksz\u00e1rd \u00e9s Debrecen.<!--more--><\/span><\/h4>\n<h4><\/h4>\n<p>&nbsp;<\/p>\n<h4><span style=\"font-family: verdana, geneva, sans-serif;color: #000000\">Eredm\u00e9nyek:<\/span><\/h4>\n<h4><span style=\"font-family: verdana, geneva, sans-serif;color: #000000\">Mez\u0151ber\u00e9ny \u2013 Szeksz\u00e1rd: 55:45<\/span><\/h4>\n<h4><span style=\"font-family: verdana, geneva, sans-serif;color: #000000\">K\u00f6rmend \u2013 Mez\u0151ber\u00e9ny: 52:42<\/span><\/h4>\n<h4><span style=\"font-family: verdana, geneva, sans-serif;color: #000000\">Karcag \u2013 Mez\u0151ber\u00e9ny: 48:33<\/span><\/h4>\n<h4><span style=\"font-family: verdana, geneva, sans-serif;color: #000000\">Mez\u0151ber\u00e9ny \u2013 Debrecen: 45:23<\/span><\/h4>\n<h4><span style=\"font-family: verdana, geneva, sans-serif;color: #000000\">Szarvas \u2013 Mez\u0151ber\u00e9ny: 57:41<\/span><\/h4>\n<h4><\/h4>\n<p>&nbsp;<\/p>\n<h4><span style=\"font-family: verdana, geneva, sans-serif;color: #000000\">V\u00e9geredm\u00e9ny:<\/span><\/h4>\n<h4><span style=\"font-family: verdana, geneva, sans-serif;color: #000000\">1. Budapest Grosics<\/span><\/h4>\n<h4><span style=\"font-family: verdana, geneva, sans-serif;color: #000000\">2. Karcag Nagykun<\/span><\/h4>\n<h4><span style=\"font-family: verdana, geneva, sans-serif;color: #000000\">3. Kecskem\u00e9t V\u00e1s\u00e1rhelyi<\/span><\/h4>\n<h4><span style=\"color: #000000\"><span style=\"font-family: verdana, geneva, sans-serif\">6. <\/span><span style=\"font-family: verdana, geneva, sans-serif\">Mez\u0151ber\u00e9ny Pet\u0151fi S\u00e1ndor Evang\u00e9likus Gimn\u00e1zium \u00e9s \u00c1ltal\u00e1nos iskola<\/span><\/span><\/h4>\n<h4><\/h4>\n<p>&nbsp;<\/p>\n<h4><span style=\"font-family: verdana, geneva, sans-serif;color: #000000\">A csapat tagjai (n\u00e9v m\u00f6g\u00f6tt a dobott pontok sz\u00e1ma): T\u00f3th-Mikl\u00f3sik Ivett (75), Kom\u00e1romi No\u00e9mi (40), T\u00f3th- Mikl\u00f3sik Dorka (37), Bal\u00e1zs Janka (21), Kiszely Regina (17), Rima Patr\u00edcia (14), Szombati Vikt\u00f3ria (6), Juh\u00e1sz D\u00f3ra (4), Styaszni S\u00e1ra (2), Kara Nelli, V\u00e1rnagy Vivien, Lajk\u00f3 Hanna<\/span><\/h4>\n<h4><\/h4>\n<h4><span style=\"font-family: verdana, geneva, sans-serif;color: #000000\">Felk\u00e9sz\u00edt\u0151 edz\u0151k: Iv\u00e1nyi L\u00e1szl\u00f3, Sajg\u00f3 Lajos<\/span><\/h4>\n<h4><span style=\"font-family: verdana, geneva, sans-serif;color: #000000\">Mez\u0151ber\u00e9ny, 2024. j\u00fanius 18.<\/span><\/h4>\n<p><span style=\"color: #000000\"><img loading=\"lazy\" decoding=\"async\" class=\"aligncenter size-large wp-image-6624\" src=\"https:\/\/psgsuli.hu\/altalanos\/wp-content\/uploads\/sites\/2\/2024\/06\/436710767_309868828866811_5355379797077199115_n-1024x996.jpg\" alt=\"\" width=\"640\" height=\"623\" srcset=\"https:\/\/psgsuli.hu\/altalanos\/wp-content\/uploads\/sites\/2\/2024\/06\/436710767_309868828866811_5355379797077199115_n-1024x996.jpg 1024w, https:\/\/psgsuli.hu\/altalanos\/wp-content\/uploads\/sites\/2\/2024\/06\/436710767_309868828866811_5355379797077199115_n-300x292.jpg 300w, https:\/\/psgsuli.hu\/altalanos\/wp-content\/uploads\/sites\/2\/2024\/06\/436710767_309868828866811_5355379797077199115_n-768x747.jpg 768w, https:\/\/psgsuli.hu\/altalanos\/wp-content\/uploads\/sites\/2\/2024\/06\/436710767_309868828866811_5355379797077199115_n.jpg 1080w\" sizes=\"auto, (max-width: 640px) 100vw, 640px\" \/><\/span><\/p>\n","protected":false},"excerpt":{"rendered":"<p>2024. j\u00fanius 14-16. k\u00f6z\u00f6tt Debrecenben rendezt\u00e9k a Di\u00e1kolimpia III. korcsoportos labdaj\u00e1t\u00e9kok orsz\u00e1gos d\u00f6nt\u0151j\u00e9t. A nyolc r\u00e9sztvev\u0151 csapat el\u0151bb k\u00e9t n\u00e9gyes csoportban j\u00e1tszott, majd a helyoszt\u00f3kra ker\u00fclt sor. A mez\u0151ber\u00e9nyiek a csoport 3. helye ut\u00e1n a v\u00e9gs\u0151 6. helyez\u00e9st szerezt\u00e9k meg. Szerepl\u00e9s\u00fck minden dics\u00e9retet meg\u00e9rdemel, mert olyan kosaras nagyhatalomnak sz\u00e1m\u00edt\u00f3 v\u00e1rosok csapatait gy\u0151zt\u00e9k le, mint a [&hellip;]<\/p>\n","protected":false},"author":2,"featured_media":6625,"comment_status":"closed","ping_status":"closed","sticky":false,"template":"","format":"standard","meta":{"footnotes":""},"categories":[19],"tags":[],"class_list":["post-6623","post","type-post","status-publish","format-standard","has-post-thumbnail","hentry","category-esemenyek-2023-2024"],"_links":{"self":[{"href":"https:\/\/psgsuli.hu\/altalanos\/wp-json\/wp\/v2\/posts\/6623","targetHints":{"allow":["GET"]}}],"collection":[{"href":"https:\/\/psgsuli.hu\/altalanos\/wp-json\/wp\/v2\/posts"}],"about":[{"href":"https:\/\/psgsuli.hu\/altalanos\/wp-json\/wp\/v2\/types\/post"}],"author":[{"embeddable":true,"href":"https:\/\/psgsuli.hu\/altalanos\/wp-json\/wp\/v2\/users\/2"}],"replies":[{"embeddable":true,"href":"https:\/\/psgsuli.hu\/altalanos\/wp-json\/wp\/v2\/comments?post=6623"}],"version-history":[{"count":4,"href":"https:\/\/psgsuli.hu\/altalanos\/wp-json\/wp\/v2\/posts\/6623\/revisions"}],"predecessor-version":[{"id":6629,"href":"https:\/\/psgsuli.hu\/altalanos\/wp-json\/wp\/v2\/posts\/6623\/revisions\/6629"}],"wp:featuredmedia":[{"embeddable":true,"href":"https:\/\/psgsuli.hu\/altalanos\/wp-json\/wp\/v2\/media\/6625"}],"wp:attachment":[{"href":"https:\/\/psgsuli.hu\/altalanos\/wp-json\/wp\/v2\/media?parent=6623"}],"wp:term":[{"taxonomy":"category","embeddable":true,"href":"https:\/\/psgsuli.hu\/altalanos\/wp-json\/wp\/v2\/categories?post=6623"},{"taxonomy":"post_tag","embeddable":true,"href":"https:\/\/psgsuli.hu\/altalanos\/wp-json\/wp\/v2\/tags?post=6623"}],"curies":[{"name":"wp","href":"https:\/\/api.w.org\/{rel}","templated":true}]}}